{"id":2523,"date":"2026-02-13T06:47:00","date_gmt":"2026-02-13T06:47:00","guid":{"rendered":"https:\/\/rtvgastro.es\/?p=2523"},"modified":"2026-03-13T06:49:58","modified_gmt":"2026-03-13T06:49:58","slug":"receta-mangu-con-bacalao-de-autor","status":"publish","type":"post","link":"https:\/\/rtvgastro.es\/en\/receta-mangu-con-bacalao-de-autor\/","title":{"rendered":"Receta: Mang\u00fa con Bacalao de autor"},"content":{"rendered":"<p>El mang\u00fa es una preparaci\u00f3n muy tradicional y popular de Rep\u00fablica Dominicana. Es costumbre su consumo para cenar o desayunar acompa\u00f1ado de huevos cocidos o salami pasado por la sart\u00e9n.<\/p>\n\n\n\n<p>El mang\u00fa no deja de ser pl\u00e1tano macho pelado y hervido en agua con sal. Luego en caliente se maja con mantequilla o aceite y se le a\u00f1ade un poco de agua de la cocci\u00f3n. <\/p>\n\n\n\n<p>En los hogares el majado lo hacen con cualquier cosa, un bote de cristal, un mazo de mortero, etc. El resultado es un pur\u00e9 m\u00e1s o menos tosco, pero de sabor intenso y textura agradable. Lo suelen acompa\u00f1ar de cebolla morada cortada en juliana y ligeramente pasada por la sart\u00e9n.<\/p>\n\n\n\n<p>El bacalao es el pescado de mayor consumo en el pa\u00eds, cosa curiosa al tener tantos kil\u00f3metros\u00a0 de costa. <\/p>\n\n\n\n<figure class=\"wp-block-image size-large has-custom-border\"><img loading=\"lazy\" decoding=\"async\" width=\"768\" height=\"1024\" src=\"https:\/\/rtvgastro.es\/wp-content\/uploads\/2026\/03\/mangu-con-bacalao-de-autor-768x1024.jpg\" alt=\"Mang\u00fa con bacalao de autor una receta muy habitual en la rep\u00fablica dominicana\" class=\"wp-image-2551\" style=\"border-top-left-radius:20px;border-top-right-radius:20px;border-bottom-left-radius:20px;border-bottom-right-radius:20px\" srcset=\"https:\/\/rtvgastro.es\/wp-content\/uploads\/2026\/03\/mangu-con-bacalao-de-autor-768x1024.jpg 768w, https:\/\/rtvgastro.es\/wp-content\/uploads\/2026\/03\/mangu-con-bacalao-de-autor-225x300.jpg 225w, https:\/\/rtvgastro.es\/wp-content\/uploads\/2026\/03\/mangu-con-bacalao-de-autor-9x12.jpg 9w, https:\/\/rtvgastro.es\/wp-content\/uploads\/2026\/03\/mangu-con-bacalao-de-autor.jpg 822w\" sizes=\"auto, (max-width: 768px) 100vw, 768px\" \/><\/figure>\n\n\n\n<p>Para esta preparaci\u00f3n lo desalamos como de costumbre y lo confitamos en aceite de oliva unos 9\/10 minutos, reserv\u00e1ndolo en el mismo aceite cerca del calor. <\/p>\n\n\n\n<p>Mientras, pochamos unas verduras, cebolla, pimiento rojo y verde, puerro, que usaremos para aportar sabor al bacalao.<\/p>\n\n\n\n<p>En principio esta es la manera tradicional. Pero vamos a intentar darle una vuelta y hacer de este plato dom\u00e9stico un plato digno de presentarse en un restaurante.<\/p>\n\n\n\n<p>Para ello necesitaremos los ingredientes de la receta original y alg\u00fan texturizante como el instangel o en su defecto agar agar. As\u00ed como salicornia, brotes y flores comestibles.<\/p>\n\n\n\n<p>Para este plato procesaremos el mang\u00fa en la thermomix para conseguir una textura fina. <\/p>\n\n\n\n<p>A este pur\u00e9 le a\u00f1adimos instangel en la proporci\u00f3n que marca el fabricante, restando ligeramente un poco. No queremos una gominola,\u00a0 buscamos una consistencia suficiente para que mantenga la forma y pueda soportar sobre \u00e9l los ingredientes restantes. <\/p>\n\n\n\n<p>Para conseguir esta forma utilizaremos dos aros uno mayor que otro y los pondremos en un plato cubierto por papel film para evitar que se escurra por debajo. <\/p>\n\n\n\n<p>Tras preparar el pur\u00e9 con el instangel y dejarlo templar un poco, rellenamos la circunferencia para conseguir lo que aparece en la foto. Dejamos enfriar y reservamos.<\/p>\n\n\n\n<p>El bacalao que habremos confitado lo laminados guardando la piel entre dos papeles de horno para secarlos al horno o poni\u00e9ndola en el microondas en descongelaci\u00f3n para conseguir una piel de bacalao crujiente para aportar sabor y decorar el plato.<\/p>\n\n\n\n<p>Vamos disponiendo el resto de ingredientes sobre el mang\u00fa de forma bonita y proporcionada. Unos toques en forma de gota de mango y coco levemente texturizado con xantana redondean el plato, agregar m\u00e1s agua poco a poco a la masa hasta lograr que no se agrieten.<\/p>\n\n\n\n<div class=\"wp-block-group alignfull is-style-ext-preset--group--natural-1--section has-background-background-color has-background has-global-padding is-layout-constrained wp-container-core-group-is-layout-e955bbaf wp-block-group-is-layout-constrained is-style-ext-preset--group--natural-1--section--1\" style=\"margin-top:0;margin-bottom:0;padding-top:var(--wp--preset--spacing--70);padding-bottom:var(--wp--preset--spacing--70)\">\n<div class=\"wp-block-query alignwide is-layout-flow wp-block-query-is-layout-flow\"><ul class=\"columns-3 wp-block-post-template is-layout-grid wp-container-core-post-template-is-layout-10753265 wp-block-post-template-is-layout-grid\"><li class=\"wp-block-post post-4252 post type-post status-publish format-standard has-post-thumbnail hentry category-labodegadeserxusolares tag-adega tag-alentejo tag-portugal\">\n\n<div class=\"wp-block-group is-style-ext-preset--group--natural-1--item-card-1--align-start has-global-padding is-layout-constrained wp-block-group-is-layout-constrained is-style-ext-preset--group--natural-1--item-card-1--align-start--2\"><figure style=\"aspect-ratio:4\/3;\" class=\"wp-block-post-featured-image\"><img loading=\"lazy\" decoding=\"async\" width=\"1200\" height=\"1600\" src=\"https:\/\/rtvgastro.es\/wp-content\/uploads\/2026\/04\/Adega-Borba-Premium-2022-Alentejo.jpeg\" class=\"attachment-post-thumbnail size-post-thumbnail wp-post-image\" alt=\"Adega Borba Premium 2022 DOC Alentejo Portugal\" style=\"width:100%;height:100%;object-fit:cover;\" srcset=\"https:\/\/rtvgastro.es\/wp-content\/uploads\/2026\/04\/Adega-Borba-Premium-2022-Alentejo.jpeg 1200w, https:\/\/rtvgastro.es\/wp-content\/uploads\/2026\/04\/Adega-Borba-Premium-2022-Alentejo-225x300.jpeg 225w, https:\/\/rtvgastro.es\/wp-content\/uploads\/2026\/04\/Adega-Borba-Premium-2022-Alentejo-768x1024.jpeg 768w, https:\/\/rtvgastro.es\/wp-content\/uploads\/2026\/04\/Adega-Borba-Premium-2022-Alentejo-1152x1536.jpeg 1152w, https:\/\/rtvgastro.es\/wp-content\/uploads\/2026\/04\/Adega-Borba-Premium-2022-Alentejo-9x12.jpeg 9w\" sizes=\"auto, (max-width: 1200px) 100vw, 1200px\" \/><\/figure>\n\n\n<div class=\"wp-block-group is-style-default has-global-padding is-layout-constrained wp-container-core-group-is-layout-e0082cf6 wp-block-group-is-layout-constrained\"><div style=\"font-size:14px;font-style:normal;font-weight:600\" class=\"taxonomy-category wp-block-post-terms\"><a href=\"https:\/\/rtvgastro.es\/en\/category\/labodegadeserxusolares\/\" rel=\"tag\">La Bodega de Serxu Solares<\/a><\/div>\n\n<h2 style=\"font-size:clamp(15.747px, 0.984rem + ((1vw - 3.2px) * 0.86), 24px); margin-top:8px;margin-bottom:var(--wp--preset--spacing--20);\" class=\"wp-block-post-title\"><a href=\"https:\/\/rtvgastro.es\/en\/adega-de-borba-premium-2022\/\" target=\"_self\" >Adega de Borba Premium 2022<\/a><\/h2>\n\n<div style=\"margin-top:var(--wp--preset--spacing--20);margin-bottom:var(--wp--preset--spacing--20);\" class=\"wp-block-post-excerpt has-small-font-size\"><p class=\"wp-block-post-excerpt__excerpt\">A finales del 2025 me dej\u00e9 caer por tierras portuguesas para descubrir la regi\u00f3n del&hellip; <\/p><\/div><\/div>\n<\/div>\n\n<\/li><li class=\"wp-block-post post-4224 post type-post status-publish format-standard has-post-thumbnail hentry category-noticias category-vinos tag-malaga tag-museo tag-vino\">\n\n<div class=\"wp-block-group is-style-ext-preset--group--natural-1--item-card-1--align-start has-global-padding is-layout-constrained wp-block-group-is-layout-constrained is-style-ext-preset--group--natural-1--item-card-1--align-start--3\"><figure style=\"aspect-ratio:4\/3;\" class=\"wp-block-post-featured-image\"><img loading=\"lazy\" decoding=\"async\" width=\"526\" height=\"454\" src=\"https:\/\/rtvgastro.es\/wp-content\/uploads\/2026\/04\/Recepcion-donacion.jpg\" class=\"attachment-post-thumbnail size-post-thumbnail wp-post-image\" alt=\"Malaga Ke, donado por Stefan Alveno Persili, m\u00e9dico y coleccionista suizo, constituye un valioso testimonio del comercio internacional de vinos entre finales del siglo XIX y principios del siglo XX\" style=\"width:100%;height:100%;object-fit:cover;\" srcset=\"https:\/\/rtvgastro.es\/wp-content\/uploads\/2026\/04\/Recepcion-donacion.jpg 526w, https:\/\/rtvgastro.es\/wp-content\/uploads\/2026\/04\/Recepcion-donacion-300x259.jpg 300w, https:\/\/rtvgastro.es\/wp-content\/uploads\/2026\/04\/Recepcion-donacion-14x12.jpg 14w\" sizes=\"auto, (max-width: 526px) 100vw, 526px\" \/><\/figure>\n\n\n<div class=\"wp-block-group is-style-default has-global-padding is-layout-constrained wp-container-core-group-is-layout-e0082cf6 wp-block-group-is-layout-constrained\"><div style=\"font-size:14px;font-style:normal;font-weight:600\" class=\"taxonomy-category wp-block-post-terms\"><a href=\"https:\/\/rtvgastro.es\/en\/category\/noticias\/\" rel=\"tag\">Noticias<\/a><span class=\"wp-block-post-terms__separator\">, <\/span><a href=\"https:\/\/rtvgastro.es\/en\/category\/vinos\/\" rel=\"tag\">Vinos<\/a><\/div>\n\n<h2 style=\"font-size:clamp(15.747px, 0.984rem + ((1vw - 3.2px) * 0.86), 24px); margin-top:8px;margin-bottom:var(--wp--preset--spacing--20);\" class=\"wp-block-post-title\"><a href=\"https:\/\/rtvgastro.es\/en\/el-museo-del-vino-malaga-incorpora-una-importante-donacion-documental\/\" target=\"_self\" >El Museo del Vino M\u00e1laga incorpora una importante donaci\u00f3n documental<\/a><\/h2>\n\n<div style=\"margin-top:var(--wp--preset--spacing--20);margin-bottom:var(--wp--preset--spacing--20);\" class=\"wp-block-post-excerpt has-small-font-size\"><p class=\"wp-block-post-excerpt__excerpt\">Redacci\u00f3n Este conjunto documental, donado por Stefan Alveno Persili, m\u00e9dico y coleccionista suizo, constituye un&hellip; <\/p><\/div><\/div>\n<\/div>\n\n<\/li><li class=\"wp-block-post post-4135 post type-post status-publish format-standard has-post-thumbnail hentry category-labodegadeserxusolares tag-aove tag-cata tag-jaen\">\n\n<div class=\"wp-block-group is-style-ext-preset--group--natural-1--item-card-1--align-start has-global-padding is-layout-constrained wp-block-group-is-layout-constrained is-style-ext-preset--group--natural-1--item-card-1--align-start--4\"><figure style=\"aspect-ratio:4\/3;\" class=\"wp-block-post-featured-image\"><img loading=\"lazy\" decoding=\"async\" width=\"1200\" height=\"1600\" src=\"https:\/\/rtvgastro.es\/wp-content\/uploads\/2026\/04\/WhatsApp-Image-2026-04-16-at-19.24.08.jpeg\" class=\"attachment-post-thumbnail size-post-thumbnail wp-post-image\" alt=\"AOVE Hacienda El Palo elaborado en Jaen uno de los mejores aceites del mundo\" style=\"width:100%;height:100%;object-fit:cover;\" \/><\/figure>\n\n\n<div class=\"wp-block-group is-style-default has-global-padding is-layout-constrained wp-container-core-group-is-layout-e0082cf6 wp-block-group-is-layout-constrained\"><div style=\"font-size:14px;font-style:normal;font-weight:600\" class=\"taxonomy-category wp-block-post-terms\"><a href=\"https:\/\/rtvgastro.es\/en\/category\/labodegadeserxusolares\/\" rel=\"tag\">La Bodega de Serxu Solares<\/a><\/div>\n\n<h2 style=\"font-size:clamp(15.747px, 0.984rem + ((1vw - 3.2px) * 0.86), 24px); margin-top:8px;margin-bottom:var(--wp--preset--spacing--20);\" class=\"wp-block-post-title\"><a href=\"https:\/\/rtvgastro.es\/en\/aove-hacienda-el-palo\/\" target=\"_self\" >AOVE Hacienda El Palo<\/a><\/h2>\n\n<div style=\"margin-top:var(--wp--preset--spacing--20);margin-bottom:var(--wp--preset--spacing--20);\" class=\"wp-block-post-excerpt has-small-font-size\"><p class=\"wp-block-post-excerpt__excerpt\">Serxu Solares @serxusolares La almazara Hacienda El Palo, situada en el coraz\u00f3n de la provincia&hellip; <\/p><\/div><\/div>\n<\/div>\n\n<\/li><\/ul><\/div>\n\n\n\n<div class=\"wp-block-buttons alignwide is-content-justification-center is-layout-flex wp-container-core-buttons-is-layout-a89b3969 wp-block-buttons-is-layout-flex\">\n<div class=\"wp-block-button is-style-ext-preset--button--natural-1--button-1 is-style-ext-preset--button--natural-1--button-1--5\"><a class=\"wp-block-button__link wp-element-button\" href=\"#extendify-blog\">Ver todo<\/a><\/div>\n<\/div>\n<\/div>\n\n\n<figure class=\"wp-block-post-featured-image\"><img loading=\"lazy\" decoding=\"async\" width=\"822\" height=\"1096\" src=\"https:\/\/rtvgastro.es\/wp-content\/uploads\/2026\/03\/mangu-con-bacalao-de-autor.jpg\" class=\"attachment-full size-full wp-post-image\" alt=\"Mang\u00fa con bacalao de autor una receta fusi\u00f3n con la rep\u00fablica dominicana\" style=\"border-top-left-radius:20px;border-top-right-radius:20px;border-bottom-left-radius:20px;border-bottom-right-radius:20px;object-fit:cover;\" srcset=\"https:\/\/rtvgastro.es\/wp-content\/uploads\/2026\/03\/mangu-con-bacalao-de-autor.jpg 822w, https:\/\/rtvgastro.es\/wp-content\/uploads\/2026\/03\/mangu-con-bacalao-de-autor-225x300.jpg 225w, https:\/\/rtvgastro.es\/wp-content\/uploads\/2026\/03\/mangu-con-bacalao-de-autor-768x1024.jpg 768w, https:\/\/rtvgastro.es\/wp-content\/uploads\/2026\/03\/mangu-con-bacalao-de-autor-9x12.jpg 9w\" sizes=\"auto, (max-width: 822px) 100vw, 822px\" \/><\/figure>\n\n\n<p><\/p>","protected":false},"excerpt":{"rendered":"<p>El mang\u00fa es una preparaci\u00f3n muy tradicional y popular de Rep\u00fablica Dominicana. Es costumbre su consumo para cenar o desayunar acompa\u00f1ado de huevos cocidos o salami pasado por la sart\u00e9n. El mang\u00fa no deja de ser pl\u00e1tano macho pelado y hervido en agua con sal. Luego en caliente se maja con mantequilla o aceite y [&hellip;]<\/p>\n","protected":false},"author":1,"featured_media":2551,"comment_status":"open","ping_status":"open","sticky":false,"template":"","format":"standard","meta":{"_monsterinsights_skip_tracking":false,"_monsterinsights_sitenote_active":false,"_monsterinsights_sitenote_note":"","_monsterinsights_sitenote_category":0,"_uf_show_specific_survey":0,"_uf_disable_surveys":false,"footnotes":""},"categories":[13],"tags":[82,61,83],"class_list":["post-2523","post","type-post","status-publish","format-standard","has-post-thumbnail","hentry","category-recetas","tag-mangu","tag-receta","tag-texturas"],"aioseo_notices":[],"_links":{"self":[{"href":"https:\/\/rtvgastro.es\/en\/wp-json\/wp\/v2\/posts\/2523","targetHints":{"allow":["GET"]}}],"collection":[{"href":"https:\/\/rtvgastro.es\/en\/wp-json\/wp\/v2\/posts"}],"about":[{"href":"https:\/\/rtvgastro.es\/en\/wp-json\/wp\/v2\/types\/post"}],"author":[{"embeddable":true,"href":"https:\/\/rtvgastro.es\/en\/wp-json\/wp\/v2\/users\/1"}],"replies":[{"embeddable":true,"href":"https:\/\/rtvgastro.es\/en\/wp-json\/wp\/v2\/comments?post=2523"}],"version-history":[{"count":31,"href":"https:\/\/rtvgastro.es\/en\/wp-json\/wp\/v2\/posts\/2523\/revisions"}],"predecessor-version":[{"id":2555,"href":"https:\/\/rtvgastro.es\/en\/wp-json\/wp\/v2\/posts\/2523\/revisions\/2555"}],"wp:featuredmedia":[{"embeddable":true,"href":"https:\/\/rtvgastro.es\/en\/wp-json\/wp\/v2\/media\/2551"}],"wp:attachment":[{"href":"https:\/\/rtvgastro.es\/en\/wp-json\/wp\/v2\/media?parent=2523"}],"wp:term":[{"taxonomy":"category","embeddable":true,"href":"https:\/\/rtvgastro.es\/en\/wp-json\/wp\/v2\/categories?post=2523"},{"taxonomy":"post_tag","embeddable":true,"href":"https:\/\/rtvgastro.es\/en\/wp-json\/wp\/v2\/tags?post=2523"}],"curies":[{"name":"wp","href":"https:\/\/api.w.org\/{rel}","templated":true}]}}