{"id":2176,"date":"2026-03-11T07:06:33","date_gmt":"2026-03-11T07:06:33","guid":{"rendered":"https:\/\/rtvgastro.es\/?p=2176"},"modified":"2026-03-11T07:20:06","modified_gmt":"2026-03-11T07:20:06","slug":"de-los-huevos-de-dali-a-los-de-serxu","status":"publish","type":"post","link":"https:\/\/rtvgastro.es\/en\/de-los-huevos-de-dali-a-los-de-serxu\/","title":{"rendered":"De los huevos de Dal\u00ed a los de Serxu"},"content":{"rendered":"<p class=\"has-secondary-color has-text-color has-link-color has-small-font-size wp-elements-08ec963372f70fa43a71001732e54eb8\"><em>Serxu Solares @serxusolares<\/em><\/p>\n\n\n\n<h2 class=\"wp-block-heading\"><strong>El Arte<\/strong><\/h2>\n\n\n\n<h4 class=\"wp-block-heading\"><strong>Salvador Dal\u00ed<\/strong><\/h4>\n\n\n\n<p>Naci\u00f3 en Figueres (Girona) el 11 de mayo de 1904 y muri\u00f3 el 23 de mayo de 1989. Fue especialmente durante el final de su vida un pintor calificado por muchos como raro, sus excentricidades muchas veces convertidas en locuras, nos sorprendieron a todos y todas, lo innegable fue su&nbsp;&nbsp;obsesi\u00f3n y fascinaci\u00f3n por la gastronom\u00eda y el reflejo de la comida en sus pinturas, esta&nbsp;&nbsp;se recrea en un libro de la periodista gastron\u00f3mica espa\u00f1ola residente en Italia Marina Cepeda, \u00abEl Surrealismo en la cocina entre el pan y el huevo: en la mesa con Salvador Dal\u00ed\u00bb que gira en torno a la comida que fue fuente de inspiraci\u00f3n de las obras del pintor. En muchas de las obras de Salvador Dal\u00ed aparecen alimentos, entre ellos el pan, los huevos o las chuletas que se deslizan sobre la espalda del retrato de Gala, la mujer y musa del pintor. En este libro podemos encontrar algunas \u00ableyendas\u00bb como la que hace referencia a un queso Camembert derretido en una calurosa tarde de verano que se dice inspir\u00f3 a Dal\u00ed los famosos relojes blandos que aparecen en varias de sus obras. Pero hay quien dice que la presencia de la gastronom\u00eda en las obras del artista no es casual, sino que se debe a que Dal\u00ed quer\u00eda ser cocinero cuando ten\u00eda seis a\u00f1os, se dice tambi\u00e9n que el pan y el huevo eran los alimentos imprescindibles para Dal\u00ed, el pan por ser base de la alimentaci\u00f3n de casi todas las culturas y el huevo porque para el artista era el s\u00edmbolo de la fecundidad.&nbsp;<\/p>\n\n\n\n<h6 class=\"wp-block-heading\"><strong>\u201cPan franc\u00e9s medio con dos huevos al plato sin el plato, a caballo, intentando sodomizar a una miga de pan portugu\u00e9s\u201d.<\/strong><strong><\/strong><\/h6>\n\n\n\n<p>1932 &#8211; Oleo\/Tabla (16 X 22) firmado y fechado en la parte inferior derecha Gala Salvador Dal\u00ed. Toyota Municipal Museum or Art. Toyota Aichi<\/p>\n\n\n\n<figure class=\"wp-block-image aligncenter size-full has-custom-border\"><img loading=\"lazy\" decoding=\"async\" width=\"511\" height=\"375\" src=\"https:\/\/rtvgastro.es\/wp-content\/uploads\/2026\/03\/huevos-de-dali.jpg\" alt=\"huevos de Dal\u00ed una de sus muchas obsesiones\" class=\"wp-image-2188\" style=\"border-top-left-radius:20px;border-top-right-radius:20px;border-bottom-left-radius:20px;border-bottom-right-radius:20px\"\/><\/figure>\n\n\n\n<h2 class=\"wp-block-heading\"><strong>La gastronom\u00eda<\/strong><\/h2>\n\n\n\n<h6 class=\"wp-block-heading\"><strong>\u201cEl&nbsp;Pan franc\u00e9s medio con dos huevos al plato sin el plato, a caballo, intentando sodomizar a una miga de pan portugu\u00e9s&nbsp;se convierte en los huevos de Serxu montando a la patata que trata de penetrar un pan crujiente con pimientas y virgen\u201d<\/strong><\/h6>\n\n\n\n<p>Hay muchas formas de comer unos buenos huevos, cuando un loco como Dal\u00ed influye en un loco como yo, el resultado no se sabe cu\u00e1l <strong>Los huevos de Serxu montando a la patata que trata de penetrar un pan crujiente con pimientas y virgen.<\/strong><\/p>\n\n\n\n<h6 class=\"wp-block-heading\"><strong>Ingredientes por persona:<\/strong>\u00a0\u00a0<\/h6>\n\n\n\n<p>1 patata, un huevo, una lamina fina de pan crujiente al aroma de pimientas y aceite de oliva virgen extra arbequina, sal en escamas.<\/p>\n\n\n\n<h6 class=\"wp-block-heading\"><strong>Preparaci\u00f3n :<\/strong>\u00a0<\/h6>\n\n\n\n<p>Lavamos bien la patata hasta quitarle todos los restos de suciedad de la piel, le quitamos las puntas abundantemente y la laminamos lo m\u00e1s fina que podamos, fre\u00edmos el resultado, hasta que est\u00e9n pr\u00e1cticamente hechas, sacamos y dejamos escurrir en un papel secante, las disponemos en un molde redondo o cuadrado que soporte el horno apret\u00e1ndolas bien para que no queden huecos, disponemos el huevo encima y lo llevamos todo al horno hasta que el huevo este cuajado y la yema viva, sacamos del horno quitamos el molde y clavamos en la yema hasta llegar a la patata el pan de manera que esta se rompa y vierta su jugo.<\/p>\n\n\n\n<h6 class=\"wp-block-heading\"><strong>El pan crujiente:<\/strong>\u00a0<\/h6>\n\n\n\n<p>Laminamos pan del tipo que m\u00e1s nos guste, muy fino, preparamos una mezcla de varios tipos de pimientas machacadas o molidas con aceite de oliva virgen extra de la variedad arbequina, pintamos con un pincel el pan y lo ponemos en el horno hasta que este crujiente, dependiendo del horno esta operaci\u00f3n puede tardar m\u00e1s o menos pero hay que vigilarlo porque suele ser r\u00e1pido y corremos el riesgo de quemarlo, podemos hacerlo a la vez que el huevo y todo estar\u00e1 caliente.<\/p>\n\n\n\n<h6 class=\"wp-block-heading\"><strong>El Maridaje:<\/strong>\u00a0<\/h6>\n\n\n\n<p>Un buen cava brut nature es una opci\u00f3n excelente, una cerveza de car\u00e1cter, como la la Snake Dog de Flying Dog, o menos lupulada pero tambien potente Gruttenbier podr\u00edan ser buenas opciones, si lo que quieren es beber un tinto, busquen uno joven, o con una corta crianza, algo que se pueda tomar fresco a 13 -14 \u00baC y no con mucha carga de tanino por ejemplo un tempranillo como el Zuazo Gaston, tambi\u00e9n le puede ir bien un rosado con cuerpo y atractiva acidez como el siempre elegante Santa Digna de la bodega chilena de Torres, incluso algunos blancos especialmente los fermentados en barrica o con crianzas largas, podriamos dar como ejemplo el Belondrade &amp; Lurton.<\/p>\n\n\n\n<figure class=\"wp-block-image aligncenter size-full has-custom-border\"><img loading=\"lazy\" decoding=\"async\" width=\"288\" height=\"345\" src=\"https:\/\/rtvgastro.es\/wp-content\/uploads\/2026\/03\/los-huevos-de-serxu.jpg\" alt=\"los huevos de Serxu con una patata violada\" class=\"wp-image-2234\" style=\"border-top-left-radius:20px;border-top-right-radius:20px;border-bottom-left-radius:20px;border-bottom-right-radius:20px\"\/><\/figure>\n\n\n\n<p><strong>Flying Dog Snake Dog<\/strong> <strong>\u00a0\u00a0\u00a0\u00a0\u00a0\u00a0\u00a0\u00a0\u00a0\u00a0\u00a0\u00a0\u00a0\u00a0\u00a0\u00a0\u00a0\u00a0\u00a0\u00a0\u00a0\u00a0\u00a0\u00a0\u00a0\u00a0\u00a0\u00a0\u00a0\u00a0<\/strong> <\/p>\n\n\n\n<ul class=\"wp-block-list\">\n<li><strong>Tipo:\u00a0<\/strong>Indian Pale Ale <\/li>\n\n\n\n<li><strong>Grado Alcoh\u00f3lico:\u00a0<\/strong>7,1% vol. <\/li>\n\n\n\n<li><strong>Origen:\u00a0<\/strong>USA <\/li>\n\n\n\n<li><strong>Tama\u00f1o Botella:\u00a0<\/strong>35,5cl. <\/li>\n\n\n\n<li><strong>P.V.P.:\u00a0<\/strong>4 \u20ac<strong> \u00a0<\/strong> <\/li>\n<\/ul>\n\n\n\n<p>Marcada nariz floral del l\u00fapulo, peque\u00f1os matices especiados. En boca es amarga, de car\u00e1cter y con una buena colecci\u00f3n de aromas florales, fresca y sabrosa. \u00a0 \u00a0 \u00a0 \u00a0 <\/p>\n\n\n\n<p><strong>Algo m\u00e1s sobre la cerveza:<\/strong> <\/p>\n\n\n\n<p>La historia de Flying Dog es curiosa, la idea del perro volador surgi\u00f3 en 1983, como met\u00e1fora de \u00abconseguir lo imposible\u00bb, tras una ascensi\u00f3n al Himalaya que result\u00f3 un fracaso absoluto. No fue hasta 1990 cuando se fund\u00f3 esta microcervecer\u00eda independiente americana en Aspen, Colorado, abierta en aquel momento por George Stranahan y Richard McIntyre en forma de brewpub, conviertiendose en la primera cervecer\u00eda que abr\u00eda en la ciudad en 100 a\u00f1os y una de las primeras independientes de la regi\u00f3n de las Monta\u00f1as Rocosas. En 1994 abrieron una f\u00e1brica de cerveza en Denver, Colorado, pero pronto se qued\u00f3 peque\u00f1a, \u00abconsiguieron lo imposible\u00bb, convirti\u00e9ndose en una de las cerveceras con m\u00e1s renombre a nivel mundial, reconocida por la alta calidad de sus productos.\u00a0 En 2006 compraron unas modernas instalaciones en Fredrick, Maryland. En la actualidad, las etiquetas de las botellas que contienen el medio mill\u00f3n de cajas que venden al a\u00f1o est\u00e1n decoradas con las ilustraciones de Ralph Steadman y las palabras de Hunter S. Thompson, padre el periodismo Gonzo.<\/p>\n\n\n\n<figure class=\"wp-block-image aligncenter size-full has-custom-border\"><img loading=\"lazy\" decoding=\"async\" width=\"600\" height=\"600\" src=\"https:\/\/rtvgastro.es\/wp-content\/uploads\/2026\/03\/flying-dog-snake-dog.png\" alt=\"Flying Dog Snake Dog, cerveza IPA de USA\" class=\"wp-image-2226\" style=\"border-top-left-radius:20px;border-top-right-radius:20px;border-bottom-left-radius:20px;border-bottom-right-radius:20px\" srcset=\"https:\/\/rtvgastro.es\/wp-content\/uploads\/2026\/03\/flying-dog-snake-dog.png 600w, https:\/\/rtvgastro.es\/wp-content\/uploads\/2026\/03\/flying-dog-snake-dog-300x300.png 300w, https:\/\/rtvgastro.es\/wp-content\/uploads\/2026\/03\/flying-dog-snake-dog-150x150.png 150w, https:\/\/rtvgastro.es\/wp-content\/uploads\/2026\/03\/flying-dog-snake-dog-12x12.png 12w\" sizes=\"auto, (max-width: 600px) 100vw, 600px\" \/><\/figure>\n\n\n\n<div class=\"wp-block-group alignfull is-style-ext-preset--group--natural-1--section has-background-background-color has-background has-global-padding is-layout-constrained wp-container-core-group-is-layout-e955bbaf wp-block-group-is-layout-constrained is-style-ext-preset--group--natural-1--section--1\" style=\"margin-top:0;margin-bottom:0;padding-top:var(--wp--preset--spacing--70);padding-bottom:var(--wp--preset--spacing--70)\">\n<div class=\"wp-block-query alignwide is-layout-flow wp-block-query-is-layout-flow\"><ul class=\"columns-3 wp-block-post-template is-layout-grid wp-container-core-post-template-is-layout-10753265 wp-block-post-template-is-layout-grid\"><li class=\"wp-block-post post-4252 post type-post status-publish format-standard has-post-thumbnail hentry category-labodegadeserxusolares tag-adega tag-alentejo tag-portugal\">\n\n<div class=\"wp-block-group is-style-ext-preset--group--natural-1--item-card-1--align-start has-global-padding is-layout-constrained wp-block-group-is-layout-constrained is-style-ext-preset--group--natural-1--item-card-1--align-start--2\"><figure style=\"aspect-ratio:4\/3;\" class=\"wp-block-post-featured-image\"><img loading=\"lazy\" decoding=\"async\" width=\"1200\" height=\"1600\" src=\"https:\/\/rtvgastro.es\/wp-content\/uploads\/2026\/04\/Adega-Borba-Premium-2022-Alentejo.jpeg\" class=\"attachment-post-thumbnail size-post-thumbnail wp-post-image\" alt=\"Adega Borba Premium 2022 DOC Alentejo Portugal\" style=\"width:100%;height:100%;object-fit:cover;\" srcset=\"https:\/\/rtvgastro.es\/wp-content\/uploads\/2026\/04\/Adega-Borba-Premium-2022-Alentejo.jpeg 1200w, https:\/\/rtvgastro.es\/wp-content\/uploads\/2026\/04\/Adega-Borba-Premium-2022-Alentejo-225x300.jpeg 225w, https:\/\/rtvgastro.es\/wp-content\/uploads\/2026\/04\/Adega-Borba-Premium-2022-Alentejo-768x1024.jpeg 768w, https:\/\/rtvgastro.es\/wp-content\/uploads\/2026\/04\/Adega-Borba-Premium-2022-Alentejo-1152x1536.jpeg 1152w, https:\/\/rtvgastro.es\/wp-content\/uploads\/2026\/04\/Adega-Borba-Premium-2022-Alentejo-9x12.jpeg 9w\" sizes=\"auto, (max-width: 1200px) 100vw, 1200px\" \/><\/figure>\n\n\n<div class=\"wp-block-group is-style-default has-global-padding is-layout-constrained wp-container-core-group-is-layout-e0082cf6 wp-block-group-is-layout-constrained\"><div style=\"font-size:14px;font-style:normal;font-weight:600\" class=\"taxonomy-category wp-block-post-terms\"><a href=\"https:\/\/rtvgastro.es\/en\/category\/labodegadeserxusolares\/\" rel=\"tag\">La Bodega de Serxu Solares<\/a><\/div>\n\n<h2 style=\"font-size:clamp(15.747px, 0.984rem + ((1vw - 3.2px) * 0.86), 24px); margin-top:8px;margin-bottom:var(--wp--preset--spacing--20);\" class=\"wp-block-post-title\"><a href=\"https:\/\/rtvgastro.es\/en\/adega-de-borba-premium-2022\/\" target=\"_self\" >Adega de Borba Premium 2022<\/a><\/h2>\n\n<div style=\"margin-top:var(--wp--preset--spacing--20);margin-bottom:var(--wp--preset--spacing--20);\" class=\"wp-block-post-excerpt has-small-font-size\"><p class=\"wp-block-post-excerpt__excerpt\">A finales del 2025 me dej\u00e9 caer por tierras portuguesas para descubrir la regi\u00f3n del&hellip; <\/p><\/div><\/div>\n<\/div>\n\n<\/li><li class=\"wp-block-post post-4224 post type-post status-publish format-standard has-post-thumbnail hentry category-noticias category-vinos tag-malaga tag-museo tag-vino\">\n\n<div class=\"wp-block-group is-style-ext-preset--group--natural-1--item-card-1--align-start has-global-padding is-layout-constrained wp-block-group-is-layout-constrained is-style-ext-preset--group--natural-1--item-card-1--align-start--3\"><figure style=\"aspect-ratio:4\/3;\" class=\"wp-block-post-featured-image\"><img loading=\"lazy\" decoding=\"async\" width=\"526\" height=\"454\" src=\"https:\/\/rtvgastro.es\/wp-content\/uploads\/2026\/04\/Recepcion-donacion.jpg\" class=\"attachment-post-thumbnail size-post-thumbnail wp-post-image\" alt=\"Malaga Ke, donado por Stefan Alveno Persili, m\u00e9dico y coleccionista suizo, constituye un valioso testimonio del comercio internacional de vinos entre finales del siglo XIX y principios del siglo XX\" style=\"width:100%;height:100%;object-fit:cover;\" srcset=\"https:\/\/rtvgastro.es\/wp-content\/uploads\/2026\/04\/Recepcion-donacion.jpg 526w, https:\/\/rtvgastro.es\/wp-content\/uploads\/2026\/04\/Recepcion-donacion-300x259.jpg 300w, https:\/\/rtvgastro.es\/wp-content\/uploads\/2026\/04\/Recepcion-donacion-14x12.jpg 14w\" sizes=\"auto, (max-width: 526px) 100vw, 526px\" \/><\/figure>\n\n\n<div class=\"wp-block-group is-style-default has-global-padding is-layout-constrained wp-container-core-group-is-layout-e0082cf6 wp-block-group-is-layout-constrained\"><div style=\"font-size:14px;font-style:normal;font-weight:600\" class=\"taxonomy-category wp-block-post-terms\"><a href=\"https:\/\/rtvgastro.es\/en\/category\/noticias\/\" rel=\"tag\">Noticias<\/a><span class=\"wp-block-post-terms__separator\">, <\/span><a href=\"https:\/\/rtvgastro.es\/en\/category\/vinos\/\" rel=\"tag\">Vinos<\/a><\/div>\n\n<h2 style=\"font-size:clamp(15.747px, 0.984rem + ((1vw - 3.2px) * 0.86), 24px); margin-top:8px;margin-bottom:var(--wp--preset--spacing--20);\" class=\"wp-block-post-title\"><a href=\"https:\/\/rtvgastro.es\/en\/el-museo-del-vino-malaga-incorpora-una-importante-donacion-documental\/\" target=\"_self\" >El Museo del Vino M\u00e1laga incorpora una importante donaci\u00f3n documental<\/a><\/h2>\n\n<div style=\"margin-top:var(--wp--preset--spacing--20);margin-bottom:var(--wp--preset--spacing--20);\" class=\"wp-block-post-excerpt has-small-font-size\"><p class=\"wp-block-post-excerpt__excerpt\">Redacci\u00f3n Este conjunto documental, donado por Stefan Alveno Persili, m\u00e9dico y coleccionista suizo, constituye un&hellip; <\/p><\/div><\/div>\n<\/div>\n\n<\/li><li class=\"wp-block-post post-4135 post type-post status-publish format-standard has-post-thumbnail hentry category-labodegadeserxusolares tag-aove tag-cata tag-jaen\">\n\n<div class=\"wp-block-group is-style-ext-preset--group--natural-1--item-card-1--align-start has-global-padding is-layout-constrained wp-block-group-is-layout-constrained is-style-ext-preset--group--natural-1--item-card-1--align-start--4\"><figure style=\"aspect-ratio:4\/3;\" class=\"wp-block-post-featured-image\"><img loading=\"lazy\" decoding=\"async\" width=\"1200\" height=\"1600\" src=\"https:\/\/rtvgastro.es\/wp-content\/uploads\/2026\/04\/WhatsApp-Image-2026-04-16-at-19.24.08.jpeg\" class=\"attachment-post-thumbnail size-post-thumbnail wp-post-image\" alt=\"AOVE Hacienda El Palo elaborado en Jaen uno de los mejores aceites del mundo\" style=\"width:100%;height:100%;object-fit:cover;\" \/><\/figure>\n\n\n<div class=\"wp-block-group is-style-default has-global-padding is-layout-constrained wp-container-core-group-is-layout-e0082cf6 wp-block-group-is-layout-constrained\"><div style=\"font-size:14px;font-style:normal;font-weight:600\" class=\"taxonomy-category wp-block-post-terms\"><a href=\"https:\/\/rtvgastro.es\/en\/category\/labodegadeserxusolares\/\" rel=\"tag\">La Bodega de Serxu Solares<\/a><\/div>\n\n<h2 style=\"font-size:clamp(15.747px, 0.984rem + ((1vw - 3.2px) * 0.86), 24px); margin-top:8px;margin-bottom:var(--wp--preset--spacing--20);\" class=\"wp-block-post-title\"><a href=\"https:\/\/rtvgastro.es\/en\/aove-hacienda-el-palo\/\" target=\"_self\" >AOVE Hacienda El Palo<\/a><\/h2>\n\n<div style=\"margin-top:var(--wp--preset--spacing--20);margin-bottom:var(--wp--preset--spacing--20);\" class=\"wp-block-post-excerpt has-small-font-size\"><p class=\"wp-block-post-excerpt__excerpt\">Serxu Solares @serxusolares La almazara Hacienda El Palo, situada en el coraz\u00f3n de la provincia&hellip; <\/p><\/div><\/div>\n<\/div>\n\n<\/li><\/ul><\/div>\n\n\n\n<div class=\"wp-block-buttons alignwide is-content-justification-center is-layout-flex wp-container-core-buttons-is-layout-a89b3969 wp-block-buttons-is-layout-flex\">\n<div class=\"wp-block-button is-style-ext-preset--button--natural-1--button-1 is-style-ext-preset--button--natural-1--button-1--5\"><a class=\"wp-block-button__link wp-element-button\" href=\"#extendify-blog\">Ver todo<\/a><\/div>\n<\/div>\n<\/div>\n\n\n<figure class=\"wp-block-post-featured-image\"><img loading=\"lazy\" decoding=\"async\" width=\"288\" height=\"345\" src=\"https:\/\/rtvgastro.es\/wp-content\/uploads\/2026\/03\/los-huevos-de-serxu.jpg\" class=\"attachment-full size-full wp-post-image\" alt=\"los huevos de Serxu\" style=\"border-top-left-radius:20px;border-top-right-radius:20px;border-bottom-left-radius:20px;border-bottom-right-radius:20px;object-fit:cover;\" \/><\/figure>\n\n\n<p><\/p>","protected":false},"excerpt":{"rendered":"<p>Serxu Solares @serxusolares El Arte Salvador Dal\u00ed Naci\u00f3 en Figueres (Girona) el 11 de mayo de 1904 y muri\u00f3 el 23 de mayo de 1989. Fue especialmente durante el final de su vida un pintor calificado por muchos como raro, sus excentricidades muchas veces convertidas en locuras, nos sorprendieron a todos y todas, lo innegable [&hellip;]<\/p>\n","protected":false},"author":1,"featured_media":2234,"comment_status":"open","ping_status":"open","sticky":false,"template":"","format":"standard","meta":{"_monsterinsights_skip_tracking":false,"_monsterinsights_sitenote_active":false,"_monsterinsights_sitenote_note":"","_monsterinsights_sitenote_category":0,"_uf_show_specific_survey":0,"_uf_disable_surveys":false,"footnotes":""},"categories":[13],"tags":[62,29,61],"class_list":["post-2176","post","type-post","status-publish","format-standard","has-post-thumbnail","hentry","category-recetas","tag-comida-facil","tag-gastronomia","tag-receta"],"aioseo_notices":[],"_links":{"self":[{"href":"https:\/\/rtvgastro.es\/en\/wp-json\/wp\/v2\/posts\/2176","targetHints":{"allow":["GET"]}}],"collection":[{"href":"https:\/\/rtvgastro.es\/en\/wp-json\/wp\/v2\/posts"}],"about":[{"href":"https:\/\/rtvgastro.es\/en\/wp-json\/wp\/v2\/types\/post"}],"author":[{"embeddable":true,"href":"https:\/\/rtvgastro.es\/en\/wp-json\/wp\/v2\/users\/1"}],"replies":[{"embeddable":true,"href":"https:\/\/rtvgastro.es\/en\/wp-json\/wp\/v2\/comments?post=2176"}],"version-history":[{"count":57,"href":"https:\/\/rtvgastro.es\/en\/wp-json\/wp\/v2\/posts\/2176\/revisions"}],"predecessor-version":[{"id":2239,"href":"https:\/\/rtvgastro.es\/en\/wp-json\/wp\/v2\/posts\/2176\/revisions\/2239"}],"wp:featuredmedia":[{"embeddable":true,"href":"https:\/\/rtvgastro.es\/en\/wp-json\/wp\/v2\/media\/2234"}],"wp:attachment":[{"href":"https:\/\/rtvgastro.es\/en\/wp-json\/wp\/v2\/media?parent=2176"}],"wp:term":[{"taxonomy":"category","embeddable":true,"href":"https:\/\/rtvgastro.es\/en\/wp-json\/wp\/v2\/categories?post=2176"},{"taxonomy":"post_tag","embeddable":true,"href":"https:\/\/rtvgastro.es\/en\/wp-json\/wp\/v2\/tags?post=2176"}],"curies":[{"name":"wp","href":"https:\/\/api.w.org\/{rel}","templated":true}]}}