{"id":1901,"date":"2026-03-10T09:47:00","date_gmt":"2026-03-10T09:47:00","guid":{"rendered":"https:\/\/rtvgastro.es\/?p=1901"},"modified":"2026-04-06T09:59:34","modified_gmt":"2026-04-06T09:59:34","slug":"lisboa","status":"publish","type":"post","link":"https:\/\/rtvgastro.es\/en\/lisboa\/","title":{"rendered":"Lisboa: un fest\u00edn atl\u00e1ntico donde la tradici\u00f3n y la modernidad se sientan a la mesa"},"content":{"rendered":"<p class=\"has-secondary-color has-text-color has-link-color has-small-font-size wp-elements-4eb098a7ef61ecf3c2f9461199405e5d\">B\u00e1rbara Rodr\u00edguez<\/p>\n\n\n\n<p>Lisboa no se visita, se saborea. La capital portuguesa es una ciudad que entra primero por el olfato: el aroma del caf\u00e9 reci\u00e9n molido, el bacalao confit\u00e1ndose lentamente, las sardinas as\u00e1ndose en parrillas improvisadas y el dulzor inconfundible de los past\u00e9is de nata saliendo del horno. Situada frente al Atl\u00e1ntico y moldeada por siglos de viajes, comercio y mestizaje cultural, Lisboa es hoy uno de los destinos gastron\u00f3micos m\u00e1s interesantes de Europa.<\/p>\n\n\n\n<p>En este viaje proponemos descubrir Lisboa desde la mesa, sin olvidar sus barrios hist\u00f3ricos, sus miradores, su cultura cervecera emergente, la atractiva oferta vin\u00edcola portuguesa y una selecci\u00f3n cuidada de alojamientos para todos los presupuestos.<\/p>\n\n\n\n<figure class=\"wp-block-image size-full has-custom-border\"><img loading=\"lazy\" decoding=\"async\" width=\"1600\" height=\"1200\" src=\"https:\/\/rtvgastro.es\/wp-content\/uploads\/2026\/03\/Lisboa-Belem.jpeg\" alt=\"lisboa vista del parque de belem\" class=\"wp-image-1917\" style=\"border-top-left-radius:20px;border-top-right-radius:20px;border-bottom-left-radius:20px;border-bottom-right-radius:20px\"\/><figcaption class=\"wp-element-caption\">Parque de Belem<\/figcaption><\/figure>\n\n\n\n<hr class=\"wp-block-separator has-alpha-channel-opacity\"\/>\n\n\n\n<h4 class=\"wp-block-heading\">La esencia gastron\u00f3mica de Lisboa<\/h4>\n\n\n\n<p>La cocina lisboeta es honesta y profundamente ligada al producto. El bacalao \u2014dicen que existen m\u00e1s de 365 recetas\u2014 es el gran protagonista, acompa\u00f1ado de mariscos atl\u00e1nticos, aceites de oliva intensos, ajo, cebolla y hierbas frescas. Pero Lisboa tambi\u00e9n es hoy creatividad, fusi\u00f3n y reinterpretaci\u00f3n.<\/p>\n\n\n\n<p>En los \u00faltimos a\u00f1os, j\u00f3venes cocineros han revitalizado la escena culinaria, respetando la tradici\u00f3n pero aportando t\u00e9cnicas contempor\u00e1neas y una fuerte conciencia del producto local.<\/p>\n\n\n\n<figure class=\"wp-block-image size-full has-custom-border\"><img loading=\"lazy\" decoding=\"async\" width=\"1600\" height=\"1200\" src=\"https:\/\/rtvgastro.es\/wp-content\/uploads\/2026\/03\/Bacallau-Bacalao-portugues.jpeg\" alt=\"Bacallau, el bacalo portugu\u00e9s uno de los tesoros culinarios de lisboa y de todo portugal\" class=\"wp-image-1937\" style=\"border-top-left-radius:20px;border-top-right-radius:20px;border-bottom-left-radius:20px;border-bottom-right-radius:20px\"\/><figcaption class=\"wp-element-caption\">Bacalao<\/figcaption><\/figure>\n\n\n\n<hr class=\"wp-block-separator has-alpha-channel-opacity\"\/>\n\n\n\n<h4 class=\"wp-block-heading\">Principales atracciones tur\u00edsticas (con paradas gastron\u00f3micas cercanas)<\/h4>\n\n\n\n<ul class=\"wp-block-list\">\n<li><strong>Alfama<\/strong>: &nbsp;Es el alma hist\u00f3rica de la ciudad y su barrio m\u00e1s antiguo. Un laberinto de calles estrechas, escaleras imposibles y miradores con vistas al Tajo que invitan a perderse sin rumbo. Aqu\u00ed conviven la vida cotidiana de los vecinos con peque\u00f1as tascas donde probar platos tradicionales como el bacalao \u00e0 br\u00e1s o las sardinas asadas. Es imprescindible visitar el&nbsp;<strong>Castelo de S\u00e3o Jorge<\/strong>, pasear por el&nbsp;<strong>Mirador de Santa Luzia<\/strong>&nbsp;y entrar en alguna casa de fado como&nbsp;<strong>Clube de Fado<\/strong>&nbsp;o&nbsp;<strong>Parreirinha de Alfama<\/strong>, donde la m\u00fasica se vive de forma \u00edntima y aut\u00e9ntica.<\/li>\n\n\n\n<li><strong>Bel\u00e9m<\/strong>: Historia, monumentos y reposter\u00eda legendaria. <strong>Bel\u00e9m<\/strong>&nbsp;es sin\u00f3nimo de historia y grandes descubrimientos. Este barrio monumental alberga algunos de los iconos m\u00e1s reconocibles de Lisboa, como el&nbsp;<strong>Monasterio de los Jer\u00f3nimos<\/strong>, una joya del estilo manuelino, y la&nbsp;<strong>Torre de Bel\u00e9m<\/strong>, s\u00edmbolo de la era de los navegantes portugueses. El paseo junto al r\u00edo es ideal para caminar con calma y disfrutar de la luz atl\u00e1ntica y visitar el espectacular <strong>Monumento a los Descubrimientos<\/strong>. La visita no estar\u00eda completa sin hacer parada en la m\u00edtica&nbsp;<strong>Past\u00e9is de Bel\u00e9m<\/strong>, donde se elaboran los famosos pasteles de nata siguiendo la receta original, reci\u00e9n horneados y espolvoreados con canela, aunque para mi son mucho mejores los de <strong>Manteigairia<\/strong> justo al lado..<\/li>\n<\/ul>\n\n\n\n<figure class=\"wp-block-image size-full has-custom-border\"><img loading=\"lazy\" decoding=\"async\" width=\"1200\" height=\"1600\" src=\"https:\/\/rtvgastro.es\/wp-content\/uploads\/2026\/03\/WhatsApp-Image-2026-03-10-at-11.37.14.jpeg\" alt=\"el espectacular monumento de los descubrimientos en Belem\" class=\"wp-image-1954\" style=\"border-top-left-radius:20px;border-top-right-radius:20px;border-bottom-left-radius:20px;border-bottom-right-radius:20px\"\/><figcaption class=\"wp-element-caption\">Monumento a los descubrimientos<\/figcaption><\/figure>\n\n\n\n<figure class=\"wp-block-image size-full has-custom-border\"><img loading=\"lazy\" decoding=\"async\" width=\"1200\" height=\"1600\" src=\"https:\/\/rtvgastro.es\/wp-content\/uploads\/2026\/03\/WhatsApp-Image-2026-03-11-at-06.58.21.jpeg\" alt=\"pastei de belem de la mantequer\u00eda\" class=\"wp-image-2062\" style=\"border-top-left-radius:20px;border-top-right-radius:20px;border-bottom-left-radius:20px;border-bottom-right-radius:20px\"\/><figcaption class=\"wp-element-caption\">Pastei de nata de la Manteigaria<\/figcaption><\/figure>\n\n\n\n<ul class=\"wp-block-list\">\n<li><strong>Baixa y Chiado<\/strong>: &nbsp;Forman el coraz\u00f3n elegante y cl\u00e1sico de la ciudad. La Baixa, reconstruida tras el terremoto de 1755, se caracteriza por sus calles amplias y rectil\u00edneas, plazas majestuosas como la&nbsp;<strong>Pra\u00e7a do Com\u00e9rcio<\/strong>&nbsp;y edificios de inspiraci\u00f3n pombalina. A pocos pasos, Chiado aporta un aire m\u00e1s bohemio e intelectual, con librer\u00edas hist\u00f3ricas como&nbsp;<strong>Livraria Bertrand<\/strong>, caf\u00e9s emblem\u00e1ticos como&nbsp;<strong>A Brasileira<\/strong>&nbsp;y restaurantes tradicionales donde la cocina lisboeta se presenta con un toque refinado. Es una zona ideal para sentarse, observar la vida pasar y empaparse del ritmo pausado de la ciudad.<\/li>\n<\/ul>\n\n\n\n<figure class=\"wp-block-image size-large has-custom-border\"><img loading=\"lazy\" decoding=\"async\" width=\"1024\" height=\"768\" src=\"https:\/\/rtvgastro.es\/wp-content\/uploads\/2026\/03\/A-brasileira-Lisboa-1024x768.jpeg\" alt=\"A Brasileira t\u00edpico caf\u00e9 de Lisboa\" class=\"wp-image-1970\" style=\"border-top-left-radius:20px;border-top-right-radius:20px;border-bottom-left-radius:20px;border-bottom-right-radius:20px\" srcset=\"https:\/\/rtvgastro.es\/wp-content\/uploads\/2026\/03\/A-brasileira-Lisboa-1024x768.jpeg 1024w, https:\/\/rtvgastro.es\/wp-content\/uploads\/2026\/03\/A-brasileira-Lisboa-300x225.jpeg 300w, https:\/\/rtvgastro.es\/wp-content\/uploads\/2026\/03\/A-brasileira-Lisboa-768x576.jpeg 768w, https:\/\/rtvgastro.es\/wp-content\/uploads\/2026\/03\/A-brasileira-Lisboa-1536x1152.jpeg 1536w, https:\/\/rtvgastro.es\/wp-content\/uploads\/2026\/03\/A-brasileira-Lisboa-16x12.jpeg 16w, https:\/\/rtvgastro.es\/wp-content\/uploads\/2026\/03\/A-brasileira-Lisboa.jpeg 1600w\" sizes=\"auto, (max-width: 1024px) 100vw, 1024px\" \/><figcaption class=\"wp-element-caption\">A Brasileira<\/figcaption><\/figure>\n\n\n\n<ul class=\"wp-block-list\">\n<li><strong>Bairro Alto<\/strong>: Muestra dos caras bien diferenciadas. Durante el d\u00eda es un barrio tranquilo, perfecto para pasear por sus calles empedradas y descubrir peque\u00f1as tiendas y miradores como el&nbsp;<strong>Mirador de S\u00e3o Pedro de Alc\u00e2ntara<\/strong>. Al caer la noche, se transforma en el epicentro de la vida nocturna lisboeta, con una enorme concentraci\u00f3n de bares, cervecer\u00edas y locales donde disfrutar desde vinos portugueses hasta m\u00fasica en directo. Es un lugar informal, animado y muy aut\u00e9ntico, ideal para mezclarse con locales y viajeros.<\/li>\n\n\n\n<li><strong>LX Factory<\/strong>: Representa la Lisboa m\u00e1s creativa y contempor\u00e1nea. Antigua zona industrial situada bajo el puente 25 de Abril, hoy se ha convertido en un espacio vibrante donde conviven restaurantes, cafeter\u00edas, galer\u00edas de arte, tiendas de dise\u00f1o y librer\u00edas ic\u00f3nicas como&nbsp;<strong>Ler Devagar<\/strong>. Es un punto de encuentro para amantes de la gastronom\u00eda y la cultura urbana, perfecto para una comida informal, un caf\u00e9 entre exposiciones o simplemente para disfrutar de un ambiente alternativo que muestra la capacidad de la ciudad para reinventarse sin perder su esencia.<\/li>\n<\/ul>\n\n\n\n<figure class=\"wp-block-image size-large has-custom-border\"><img loading=\"lazy\" decoding=\"async\" width=\"1024\" height=\"768\" src=\"https:\/\/rtvgastro.es\/wp-content\/uploads\/2026\/03\/FX-Factory-LIsboa-1024x768.jpeg\" alt=\"LX Factory Lisboa, un espacio alternativo lleno de arte, gastronomia y creatividad\" class=\"wp-image-1978\" style=\"border-top-left-radius:20px;border-top-right-radius:20px;border-bottom-left-radius:20px;border-bottom-right-radius:20px\" srcset=\"https:\/\/rtvgastro.es\/wp-content\/uploads\/2026\/03\/FX-Factory-LIsboa-1024x768.jpeg 1024w, https:\/\/rtvgastro.es\/wp-content\/uploads\/2026\/03\/FX-Factory-LIsboa-300x225.jpeg 300w, https:\/\/rtvgastro.es\/wp-content\/uploads\/2026\/03\/FX-Factory-LIsboa-768x576.jpeg 768w, https:\/\/rtvgastro.es\/wp-content\/uploads\/2026\/03\/FX-Factory-LIsboa-1536x1152.jpeg 1536w, https:\/\/rtvgastro.es\/wp-content\/uploads\/2026\/03\/FX-Factory-LIsboa-16x12.jpeg 16w, https:\/\/rtvgastro.es\/wp-content\/uploads\/2026\/03\/FX-Factory-LIsboa.jpeg 1600w\" sizes=\"auto, (max-width: 1024px) 100vw, 1024px\" \/><figcaption class=\"wp-element-caption\">LX Factory<\/figcaption><\/figure>\n\n\n\n<hr class=\"wp-block-separator has-alpha-channel-opacity\"\/>\n\n\n\n<h4 class=\"wp-block-heading\">D\u00f3nde dormir en Lisboa<\/h4>\n\n\n\n<h6 class=\"wp-block-heading\">\ud83c\udfe8<strong> Alojamientos de lujo<\/strong><\/h6>\n\n\n\n<ol class=\"wp-block-list\">\n<li><strong>Four Seasons Hotel Ritz Lisbon<\/strong><br>Elegancia cl\u00e1sica, vistas espectaculares y uno de los mejores desayunos gastron\u00f3micos de la ciudad.<\/li>\n<\/ol>\n\n\n\n<ol start=\"2\" class=\"wp-block-list\">\n<li><strong>Bairro Alto Hotel<\/strong><br>Lujo contempor\u00e1neo con fuerte identidad local y un restaurante de alto nivel.<\/li>\n<\/ol>\n\n\n\n<h6 class=\"wp-block-heading\">\ud83c\udfe8 <strong>Alojamientos de gama media<\/strong><\/h6>\n\n\n\n<ol start=\"3\" class=\"wp-block-list\">\n<li><strong>Memmo Pr\u00edncipe Real<\/strong><br>Moderno, bien ubicado y con una excelente relaci\u00f3n calidad-precio.<\/li>\n<\/ol>\n\n\n\n<ol start=\"4\" class=\"wp-block-list\">\n<li><strong>LX Boutique Hotel<\/strong><br>Perfecto para foodies, junto al Time Out Market.<\/li>\n<\/ol>\n\n\n\n<ol start=\"5\" class=\"wp-block-list\">\n<li><strong>Hotel da Baixa<\/strong><br>Cl\u00e1sico renovado en pleno centro hist\u00f3rico.<\/li>\n<\/ol>\n\n\n\n<ol start=\"6\" class=\"wp-block-list\">\n<li><strong>Portugal Boutique Hotel<\/strong><br>Peque\u00f1o, acogedor y con personalidad lisboeta.<\/li>\n<\/ol>\n\n\n\n<h6 class=\"wp-block-heading\">\ud83c\udfe8<strong> Alojamientos econ\u00f3micos<\/strong><\/h6>\n\n\n\n<ol start=\"7\" class=\"wp-block-list\">\n<li><strong>Home Lisbon Hostel<\/strong><br>Famoso por sus cenas caseras portuguesas.<\/li>\n<\/ol>\n\n\n\n<ol start=\"8\" class=\"wp-block-list\">\n<li><strong>Yes! Lisbon Hostel<\/strong><br>C\u00e9ntrico, limpio y muy bien valorado.<\/li>\n<\/ol>\n\n\n\n<ol start=\"9\" class=\"wp-block-list\">\n<li><strong>The Independente Hostel &amp; Suites<\/strong><br>Estilo bohemio, buen ambiente y restaurante propio.<\/li>\n<\/ol>\n\n\n\n<ol start=\"10\" class=\"wp-block-list\">\n<li><strong>Lisbon Destination Hostel<\/strong><br>Ubicado en la estaci\u00f3n de Rossio, ideal para moverse a pie.<\/li>\n<\/ol>\n\n\n\n<hr class=\"wp-block-separator has-alpha-channel-opacity\"\/>\n\n\n\n<h4 class=\"wp-block-heading\"><strong>Los 5 mejores wine bar de Lisboa<\/strong><\/h4>\n\n\n\n<ul class=\"wp-block-list\">\n<li>Lisboa es una ciudad ideal para disfrutar del vino en un ambiente relajado y con mucha personalidad. Estos son cinco wine bars imprescindibles para descubrir grandes referencias portuguesas e internacionales:<\/li>\n\n\n\n<li><strong>By The Wine<\/strong>&nbsp;\u2013 Ubicado en el barrio de Chiado, es uno de los wine bar m\u00e1s populares de la ciudad, con una cuidada selecci\u00f3n de vinos portugueses y una carta pensada para compartir.<\/li>\n\n\n\n<li><strong>Senhor Uva<\/strong>&nbsp;\u2013 Un espacio moderno y acogedor que apuesta por vinos naturales y de peque\u00f1os productores, acompa\u00f1ado de platos sencillos pero muy bien ejecutados.<\/li>\n\n\n\n<li><strong>Black Sheep Lisboa<\/strong>&nbsp;\u2013 Ideal para los amantes de los vinos menos convencionales. Su selecci\u00f3n cambia con frecuencia y siempre sorprende, en un ambiente informal y cercano.<\/li>\n\n\n\n<li><strong>Garrafeira Alfaia<\/strong>&nbsp;\u2013 Un cl\u00e1sico lisboeta donde se puede disfrutar de vinos por copas o botellas, junto a quesos y embutidos portugueses de gran calidad.<\/li>\n\n\n\n<li><strong>Magnolia Wine Bar<\/strong>&nbsp;\u2013 Peque\u00f1o y encantador, destaca por su trato cercano y una selecci\u00f3n muy bien curada, perfecta para descubrir joyas vin\u00edcolas en pleno centro de la ciudad.<\/li>\n<\/ul>\n\n\n\n<figure class=\"wp-block-image size-large has-custom-border\"><img loading=\"lazy\" decoding=\"async\" width=\"768\" height=\"1024\" src=\"https:\/\/rtvgastro.es\/wp-content\/uploads\/2026\/03\/vinho-portugues-768x1024.jpeg\" alt=\"Portugal es rico vinicolamente con una gran variedad de zonas\" class=\"wp-image-2033\" style=\"border-top-left-radius:20px;border-top-right-radius:20px;border-bottom-left-radius:20px;border-bottom-right-radius:20px\" srcset=\"https:\/\/rtvgastro.es\/wp-content\/uploads\/2026\/03\/vinho-portugues-768x1024.jpeg 768w, https:\/\/rtvgastro.es\/wp-content\/uploads\/2026\/03\/vinho-portugues-225x300.jpeg 225w, https:\/\/rtvgastro.es\/wp-content\/uploads\/2026\/03\/vinho-portugues-1152x1536.jpeg 1152w, https:\/\/rtvgastro.es\/wp-content\/uploads\/2026\/03\/vinho-portugues-9x12.jpeg 9w, https:\/\/rtvgastro.es\/wp-content\/uploads\/2026\/03\/vinho-portugues.jpeg 1200w\" sizes=\"auto, (max-width: 768px) 100vw, 768px\" \/><figcaption class=\"wp-element-caption\">Uno de los muchos buenos vinos portugueses<\/figcaption><\/figure>\n\n\n\n<h4 class=\"wp-block-heading\">Cerveza artesana en Lisboa: 5 paradas imprescindibles<\/h4>\n\n\n\n<p>Aunque el vino domina, Lisboa vive una aut\u00e9ntica revoluci\u00f3n cervecera.<\/p>\n\n\n\n<ol class=\"wp-block-list\">\n<li><strong>Dois Corvos<\/strong>\n<ul class=\"wp-block-list\">\n<li>La cervecera artesanal m\u00e1s reconocida del pa\u00eds.<\/li>\n<\/ul>\n<\/li>\n<\/ol>\n\n\n\n<ol start=\"2\" class=\"wp-block-list\">\n<li><strong>Musa da Bica<\/strong>\n<ul class=\"wp-block-list\">\n<li>Cervezas creativas con identidad portuguesa.<\/li>\n<\/ul>\n<\/li>\n<\/ol>\n\n\n\n<ol start=\"3\" class=\"wp-block-list\">\n<li><strong>Oitava Colina<\/strong>\n<ul class=\"wp-block-list\">\n<li>F\u00e1brica y taproom con vistas espectaculares.<\/li>\n<\/ul>\n<\/li>\n<\/ol>\n\n\n\n<ol start=\"4\" class=\"wp-block-list\">\n<li><strong>Cerveteca Lisboa<\/strong>\n<ul class=\"wp-block-list\">\n<li>Gran selecci\u00f3n nacional e internacional.<\/li>\n<\/ul>\n<\/li>\n\n\n\n<li><strong>Duque Brewpub<\/strong>\n<ul class=\"wp-block-list\">\n<li>Perfecto para iniciarse en la cerveza artesana portuguesa.<\/li>\n<\/ul>\n<\/li>\n\n\n\n<li><strong>Brew<\/strong>\n<ul class=\"wp-block-list\">\n<li>Precios por las nubes pero con una gran oferta de grifo<\/li>\n<\/ul>\n<\/li>\n<\/ol>\n\n\n\n<figure class=\"wp-block-image size-large has-custom-border\"><img loading=\"lazy\" decoding=\"async\" width=\"768\" height=\"1024\" src=\"https:\/\/rtvgastro.es\/wp-content\/uploads\/2026\/03\/Cerveza-Artesana-768x1024.jpeg\" alt=\"la cerveza artesana es una revoluci\u00f3n en Portugal\" class=\"wp-image-2012\" style=\"border-top-left-radius:20px;border-top-right-radius:20px;border-bottom-left-radius:20px;border-bottom-right-radius:20px\" srcset=\"https:\/\/rtvgastro.es\/wp-content\/uploads\/2026\/03\/Cerveza-Artesana-768x1024.jpeg 768w, https:\/\/rtvgastro.es\/wp-content\/uploads\/2026\/03\/Cerveza-Artesana-225x300.jpeg 225w, https:\/\/rtvgastro.es\/wp-content\/uploads\/2026\/03\/Cerveza-Artesana-1152x1536.jpeg 1152w, https:\/\/rtvgastro.es\/wp-content\/uploads\/2026\/03\/Cerveza-Artesana-9x12.jpeg 9w, https:\/\/rtvgastro.es\/wp-content\/uploads\/2026\/03\/Cerveza-Artesana.jpeg 1200w\" sizes=\"auto, (max-width: 768px) 100vw, 768px\" \/><figcaption class=\"wp-element-caption\">Uno de los muchos sitios donde disfrutar de una buena cerveza artesana<\/figcaption><\/figure>\n\n\n\n<hr class=\"wp-block-separator has-alpha-channel-opacity\"\/>\n\n\n\n<h4 class=\"wp-block-heading\">10 restaurantes imprescindibles en Lisboa<\/h4>\n\n\n\n<h6 class=\"wp-block-heading\"><strong>\ud83c\udf7d Alta cocina y experiencias gastron\u00f3micas<\/strong><\/h6>\n\n\n\n<ol class=\"wp-block-list\">\n<li><strong>Belcanto<\/strong>&nbsp;\u2b50\u2b50<br>La visi\u00f3n m\u00e1s refinada de la cocina portuguesa.<\/li>\n<\/ol>\n\n\n\n<ol start=\"2\" class=\"wp-block-list\">\n<li><strong>Alma<\/strong>&nbsp;\u2b50\u2b50<br>Creatividad, t\u00e9cnica y emoci\u00f3n en cada plato.<\/li>\n<\/ol>\n\n\n\n<ol start=\"3\" class=\"wp-block-list\">\n<li><strong>Feitoria<\/strong>&nbsp;\u2b50<br>Producto atl\u00e1ntico tratado con precisi\u00f3n contempor\u00e1nea.<\/li>\n<\/ol>\n\n\n\n<h6 class=\"wp-block-heading\"><strong>\ud83c\udf7d Tradici\u00f3n y producto de calidad<\/strong><\/h6>\n\n\n\n<ol start=\"4\" class=\"wp-block-list\">\n<li><strong>Cervejaria Ramiro<\/strong><br>Marisco legendario y ambiente popular.<\/li>\n<\/ol>\n\n\n\n<ol start=\"5\" class=\"wp-block-list\">\n<li><strong>Solar dos Presuntos<\/strong><br>Cl\u00e1sico lisboeta para cocina portuguesa aut\u00e9ntica.<\/li>\n<\/ol>\n\n\n\n<ol start=\"6\" class=\"wp-block-list\">\n<li><strong>Tasca da Esquina<\/strong><br>Tradici\u00f3n reinterpretada con elegancia.<\/li>\n<\/ol>\n\n\n\n<h6 class=\"wp-block-heading\"><strong>\ud83c\udf7d Excelente relaci\u00f3n calidad-precio<\/strong><\/h6>\n\n\n\n<ol start=\"7\" class=\"wp-block-list\">\n<li><strong>Taberna da Rua das Flores<\/strong><br>Peque\u00f1o, intenso y memorable.<\/li>\n<\/ol>\n\n\n\n<ol start=\"8\" class=\"wp-block-list\">\n<li><strong>Prado<\/strong><br>Cocina de mercado, sostenible y de temporada.<\/li>\n<\/ol>\n\n\n\n<ol start=\"9\" class=\"wp-block-list\">\n<li><strong>Cantinho do Avillez<\/strong><br>Vers\u00e1til, accesible y siempre acertado.<\/li>\n<\/ol>\n\n\n\n<ol start=\"10\" class=\"wp-block-list\">\n<li><strong>Time Out Market (varios puestos)<\/strong><br>Ideal para probar muchos sabores en un solo lugar.<\/li>\n<\/ol>\n\n\n\n<figure class=\"wp-block-image size-large has-custom-border\"><img loading=\"lazy\" decoding=\"async\" width=\"768\" height=\"1024\" src=\"https:\/\/rtvgastro.es\/wp-content\/uploads\/2026\/03\/Creatividad-en-Lisboa-768x1024.jpeg\" alt=\"Cocina tradicional y cocina creativa sin perder la esencia portuguesa\" class=\"wp-image-2023\" style=\"border-top-left-radius:20px;border-top-right-radius:20px;border-bottom-left-radius:20px;border-bottom-right-radius:20px\" srcset=\"https:\/\/rtvgastro.es\/wp-content\/uploads\/2026\/03\/Creatividad-en-Lisboa-768x1024.jpeg 768w, https:\/\/rtvgastro.es\/wp-content\/uploads\/2026\/03\/Creatividad-en-Lisboa-225x300.jpeg 225w, https:\/\/rtvgastro.es\/wp-content\/uploads\/2026\/03\/Creatividad-en-Lisboa-1152x1536.jpeg 1152w, https:\/\/rtvgastro.es\/wp-content\/uploads\/2026\/03\/Creatividad-en-Lisboa-9x12.jpeg 9w, https:\/\/rtvgastro.es\/wp-content\/uploads\/2026\/03\/Creatividad-en-Lisboa.jpeg 1200w\" sizes=\"auto, (max-width: 768px) 100vw, 768px\" \/><figcaption class=\"wp-element-caption\">Cocina creativa cada vez mas habitual en Lisboa<\/figcaption><\/figure>\n\n\n\n<hr class=\"wp-block-separator has-alpha-channel-opacity\"\/>\n\n\n\n<h4 class=\"wp-block-heading\">Lisboa en un fin de semana<\/h4>\n\n\n\n<h5 class=\"wp-block-heading\"><strong>Viernes (tarde \u2013 noche)<\/strong><\/h5>\n\n\n\n<ul class=\"wp-block-list\">\n<li>Paseo por\u00a0<strong>Baixa<\/strong>: Rua Augusta y Pra\u00e7a do Com\u00e9rcio.<\/li>\n\n\n\n<li>Subir al\u00a0<strong>Elevador de Santa Justa<\/strong>\u00a0o miradores cercanos.<\/li>\n\n\n\n<li>Un primer vino en <strong>By The Wine (Chiado)<\/strong>\u00a0o\u00a0<strong>Garrafeira Nacional<\/strong>.<\/li>\n\n\n\n<li>Cena en\u00a0<strong>Cervejaria Ramiro<\/strong>\u00a0(marisco) o\u00a0<strong>Taberna da Rua das Flores<\/strong>\u00a0(tradicional moderna).<\/li>\n\n\n\n<li>Copa tranquila en <strong>Red Frog Speakeasy<\/strong>\u00a0o\u00a0<strong>Pavilh\u00e3o Chin\u00eas<\/strong>..<\/li>\n<\/ul>\n\n\n\n<h5 class=\"wp-block-heading\"><strong>S\u00e1bado<\/strong><\/h5>\n\n\n\n<p><strong>Ma\u00f1ana<\/strong><\/p>\n\n\n\n<ul class=\"wp-block-list\">\n<li><strong>A Brasileira do Chiado<\/strong><\/li>\n\n\n\n<li>Recorrido por\u00a0<strong>Alfama<\/strong>: calles, miradores (Santa Luzia), vida local.<\/li>\n\n\n\n<li>Visita al\u00a0<strong>Castelo de S\u00e3o Jorge<\/strong>.<\/li>\n\n\n\n<li>Picoteo en\u00a0<strong>Tasca do Chico<\/strong>\u00a0o\u00a0<strong>Santo Ant\u00f3nio de Alfama<\/strong><\/li>\n<\/ul>\n\n\n\n<p><strong>Mediod\u00eda<\/strong><\/p>\n\n\n\n<ul class=\"wp-block-list\">\n<li>Almuerzo tradicional en\u00a0<strong>Farol de Santa Luzia<\/strong>\u00a0o\u00a0<strong>Pois Caf\u00e9<\/strong>.<\/li>\n<\/ul>\n\n\n\n<p><strong>Tarde<\/strong><\/p>\n\n\n\n<ul class=\"wp-block-list\">\n<li>Tranv\u00eda o paseo hasta\u00a0<strong>Bel\u00e9m<\/strong>.<\/li>\n\n\n\n<li>Visitas: Monasterio de los Jer\u00f3nimos, Monumento a los Descubrimientos y Torre de Bel\u00e9m.<\/li>\n\n\n\n<li>Cata comparativa de Pasteis de Belem y Manteigaria<\/li>\n<\/ul>\n\n\n\n<p><strong>Noche<\/strong><\/p>\n\n\n\n<ul class=\"wp-block-list\">\n<li>Cena y vinos en <strong>Black Sheep Lisboa<\/strong>,\u00a0<strong>Senhor Uva<\/strong>\u00a0o\u00a0<strong>Vino Vero<\/strong>.<\/li>\n\n\n\n<li>Ambiente nocturno en\u00a0<strong>Bairro Alto<\/strong>\u00a0o m\u00fasica en directo.<\/li>\n<\/ul>\n\n\n\n<h5 class=\"wp-block-heading\"><strong>Domingo<\/strong><\/h5>\n\n\n\n<p><strong>Ma\u00f1ana<\/strong><\/p>\n\n\n\n<ul class=\"wp-block-list\">\n<li>Brunch <strong>Seame<\/strong>\u00a0o\u00a0<strong>Dear Breakfast<\/strong> en\u00a0<strong>Pr\u00edncipe Real<\/strong>.<\/li>\n\n\n\n<li>Visita a\u00a0<strong>LX Factory<\/strong>: tiendas, arte y gastronom\u00eda.<\/li>\n\n\n\n<li>Comida en\u00a0<strong>Cantina LX<\/strong>,\u00a0<strong>1300 Taberna<\/strong>\u00a0o\u00a0<strong>Rio Maravilha<\/strong>.<\/li>\n<\/ul>\n\n\n\n<p><strong>Tarde-Noche<\/strong><\/p>\n\n\n\n<ul class=\"wp-block-list\">\n<li>Compras locales y alguna cerveza artesana<\/li>\n\n\n\n<li>Paseo junto al\u00a0<strong>r\u00edo Tajo<\/strong> y cena en <strong>\u00c0 Margem<\/strong> o <strong>Portofino do Tejo<\/strong>.<\/li>\n\n\n\n<li>Caf\u00e9 de despedida en <strong>F\u00e1brica Coffee Roasters<\/strong><\/li>\n<\/ul>\n\n\n\n<h4 class=\"wp-block-heading\">Lisboa, una ciudad para comerla a bocados<\/h4>\n\n\n\n<p>Lisboa es una ciudad que honra su pasado sin miedo al futuro. Aqu\u00ed conviven tabernas centenarias con restaurantes de vanguardia, vinos ancestrales con cervezas artesanas y recetas humildes con propuestas de alta cocina. Viajar a Lisboa es sentarse a la mesa una y otra vez, sin prisa, con curiosidad y con hambre de historias.<\/p>\n\n\n\n<p>Porque en Lisboa, la gastronom\u00eda no es solo alimento: es memoria, identidad y celebraci\u00f3n.<\/p>\n\n\n\n<figure class=\"wp-block-gallery has-nested-images columns-default is-cropped wp-block-gallery-1 is-layout-flex wp-block-gallery-is-layout-flex\">\n<figure class=\"wp-block-image size-large has-custom-border\"><img loading=\"lazy\" decoding=\"async\" width=\"768\" height=\"1024\" data-id=\"2045\" src=\"https:\/\/rtvgastro.es\/wp-content\/uploads\/2026\/03\/arte-768x1024.jpeg\" alt=\"arte urbano una de las muchas expresiones art\u00edsticas de lisboa\" class=\"wp-image-2045\" style=\"border-top-left-radius:20px;border-top-right-radius:20px;border-bottom-left-radius:20px;border-bottom-right-radius:20px\" srcset=\"https:\/\/rtvgastro.es\/wp-content\/uploads\/2026\/03\/arte-768x1024.jpeg 768w, https:\/\/rtvgastro.es\/wp-content\/uploads\/2026\/03\/arte-225x300.jpeg 225w, https:\/\/rtvgastro.es\/wp-content\/uploads\/2026\/03\/arte-1152x1536.jpeg 1152w, https:\/\/rtvgastro.es\/wp-content\/uploads\/2026\/03\/arte-9x12.jpeg 9w, https:\/\/rtvgastro.es\/wp-content\/uploads\/2026\/03\/arte.jpeg 1200w\" sizes=\"auto, (max-width: 768px) 100vw, 768px\" \/><figcaption class=\"wp-element-caption\">Arte Urbano<\/figcaption><\/figure>\n\n\n\n<figure class=\"wp-block-image size-large has-custom-border\"><img loading=\"lazy\" decoding=\"async\" width=\"1024\" height=\"768\" data-id=\"2044\" src=\"https:\/\/rtvgastro.es\/wp-content\/uploads\/2026\/03\/Catedral-1024x768.jpeg\" alt=\"pante\u00f3n nacional de Lisboa uno de los muchos edificios espectaculares de la ciudad\" class=\"wp-image-2044\" style=\"border-top-left-radius:20px;border-top-right-radius:20px;border-bottom-left-radius:20px;border-bottom-right-radius:20px\" srcset=\"https:\/\/rtvgastro.es\/wp-content\/uploads\/2026\/03\/Catedral-1024x768.jpeg 1024w, https:\/\/rtvgastro.es\/wp-content\/uploads\/2026\/03\/Catedral-300x225.jpeg 300w, https:\/\/rtvgastro.es\/wp-content\/uploads\/2026\/03\/Catedral-768x576.jpeg 768w, https:\/\/rtvgastro.es\/wp-content\/uploads\/2026\/03\/Catedral-1536x1152.jpeg 1536w, https:\/\/rtvgastro.es\/wp-content\/uploads\/2026\/03\/Catedral-16x12.jpeg 16w, https:\/\/rtvgastro.es\/wp-content\/uploads\/2026\/03\/Catedral.jpeg 1600w\" sizes=\"auto, (max-width: 1024px) 100vw, 1024px\" \/><figcaption class=\"wp-element-caption\">Pante\u00f3n Nacional<\/figcaption><\/figure>\n\n\n\n<figure class=\"wp-block-image size-large has-custom-border\"><img loading=\"lazy\" decoding=\"async\" width=\"768\" height=\"1024\" data-id=\"2049\" src=\"https:\/\/rtvgastro.es\/wp-content\/uploads\/2026\/03\/Coche-turistico-768x1024.jpeg\" alt=\"veh\u00edculo tur\u00edstico de los muchos que pasean por Lisboa\" class=\"wp-image-2049\" style=\"border-top-left-radius:20px;border-top-right-radius:20px;border-bottom-left-radius:20px;border-bottom-right-radius:20px\" srcset=\"https:\/\/rtvgastro.es\/wp-content\/uploads\/2026\/03\/Coche-turistico-768x1024.jpeg 768w, https:\/\/rtvgastro.es\/wp-content\/uploads\/2026\/03\/Coche-turistico-225x300.jpeg 225w, https:\/\/rtvgastro.es\/wp-content\/uploads\/2026\/03\/Coche-turistico-1152x1536.jpeg 1152w, https:\/\/rtvgastro.es\/wp-content\/uploads\/2026\/03\/Coche-turistico-9x12.jpeg 9w, https:\/\/rtvgastro.es\/wp-content\/uploads\/2026\/03\/Coche-turistico.jpeg 1200w\" sizes=\"auto, (max-width: 768px) 100vw, 768px\" \/><figcaption class=\"wp-element-caption\">Veh\u00edculo Tur\u00edstico<\/figcaption><\/figure>\n\n\n\n<figure class=\"wp-block-image size-large has-custom-border\"><img loading=\"lazy\" decoding=\"async\" width=\"768\" height=\"1024\" data-id=\"2043\" src=\"https:\/\/rtvgastro.es\/wp-content\/uploads\/2026\/03\/Craft-Beer-768x1024.jpeg\" alt=\"Cerveja artenai, la cerveza artesana es toda una revoluci\u00f3n en Portugal\" class=\"wp-image-2043\" style=\"border-top-left-radius:20px;border-top-right-radius:20px;border-bottom-left-radius:20px;border-bottom-right-radius:20px\" srcset=\"https:\/\/rtvgastro.es\/wp-content\/uploads\/2026\/03\/Craft-Beer-768x1024.jpeg 768w, https:\/\/rtvgastro.es\/wp-content\/uploads\/2026\/03\/Craft-Beer-225x300.jpeg 225w, https:\/\/rtvgastro.es\/wp-content\/uploads\/2026\/03\/Craft-Beer-1152x1536.jpeg 1152w, https:\/\/rtvgastro.es\/wp-content\/uploads\/2026\/03\/Craft-Beer-9x12.jpeg 9w, https:\/\/rtvgastro.es\/wp-content\/uploads\/2026\/03\/Craft-Beer.jpeg 1200w\" sizes=\"auto, (max-width: 768px) 100vw, 768px\" \/><figcaption class=\"wp-element-caption\">Cerveja<\/figcaption><\/figure>\n\n\n\n<figure class=\"wp-block-image size-large has-custom-border\"><img loading=\"lazy\" decoding=\"async\" width=\"768\" height=\"1024\" data-id=\"2050\" src=\"https:\/\/rtvgastro.es\/wp-content\/uploads\/2026\/03\/FX-Factory-entrada-768x1024.jpeg\" alt=\"LX factory un espeacio cultural y de comercio alternativo, con propuestas gastron\u00f3micas\" class=\"wp-image-2050\" style=\"border-top-left-radius:20px;border-top-right-radius:20px;border-bottom-left-radius:20px;border-bottom-right-radius:20px\" srcset=\"https:\/\/rtvgastro.es\/wp-content\/uploads\/2026\/03\/FX-Factory-entrada-768x1024.jpeg 768w, https:\/\/rtvgastro.es\/wp-content\/uploads\/2026\/03\/FX-Factory-entrada-225x300.jpeg 225w, https:\/\/rtvgastro.es\/wp-content\/uploads\/2026\/03\/FX-Factory-entrada-1152x1536.jpeg 1152w, https:\/\/rtvgastro.es\/wp-content\/uploads\/2026\/03\/FX-Factory-entrada-9x12.jpeg 9w, https:\/\/rtvgastro.es\/wp-content\/uploads\/2026\/03\/FX-Factory-entrada.jpeg 1200w\" sizes=\"auto, (max-width: 768px) 100vw, 768px\" \/><figcaption class=\"wp-element-caption\">LX Factory<\/figcaption><\/figure>\n\n\n\n<figure class=\"wp-block-image size-large has-custom-border\"><img loading=\"lazy\" decoding=\"async\" width=\"768\" height=\"1024\" data-id=\"2048\" src=\"https:\/\/rtvgastro.es\/wp-content\/uploads\/2026\/03\/Panoramica-768x1024.jpeg\" alt=\"vistas desde el mirador de Santa Mar\u00eda\" class=\"wp-image-2048\" style=\"border-top-left-radius:20px;border-top-right-radius:20px;border-bottom-left-radius:20px;border-bottom-right-radius:20px\" srcset=\"https:\/\/rtvgastro.es\/wp-content\/uploads\/2026\/03\/Panoramica-768x1024.jpeg 768w, https:\/\/rtvgastro.es\/wp-content\/uploads\/2026\/03\/Panoramica-225x300.jpeg 225w, https:\/\/rtvgastro.es\/wp-content\/uploads\/2026\/03\/Panoramica-1152x1536.jpeg 1152w, https:\/\/rtvgastro.es\/wp-content\/uploads\/2026\/03\/Panoramica-9x12.jpeg 9w, https:\/\/rtvgastro.es\/wp-content\/uploads\/2026\/03\/Panoramica.jpeg 1200w\" sizes=\"auto, (max-width: 768px) 100vw, 768px\" \/><figcaption class=\"wp-element-caption\">Vistas de Baixo<\/figcaption><\/figure>\n\n\n\n<figure class=\"wp-block-image size-large has-custom-border\"><img loading=\"lazy\" decoding=\"async\" width=\"768\" height=\"1024\" data-id=\"2047\" src=\"https:\/\/rtvgastro.es\/wp-content\/uploads\/2026\/03\/Pasteis-de-Belem-768x1024.jpeg\" alt=\"los originales pasteis de belem\" class=\"wp-image-2047\" style=\"border-top-left-radius:20px;border-top-right-radius:20px;border-bottom-left-radius:20px;border-bottom-right-radius:20px\" srcset=\"https:\/\/rtvgastro.es\/wp-content\/uploads\/2026\/03\/Pasteis-de-Belem-768x1024.jpeg 768w, https:\/\/rtvgastro.es\/wp-content\/uploads\/2026\/03\/Pasteis-de-Belem-225x300.jpeg 225w, https:\/\/rtvgastro.es\/wp-content\/uploads\/2026\/03\/Pasteis-de-Belem-1152x1536.jpeg 1152w, https:\/\/rtvgastro.es\/wp-content\/uploads\/2026\/03\/Pasteis-de-Belem-9x12.jpeg 9w, https:\/\/rtvgastro.es\/wp-content\/uploads\/2026\/03\/Pasteis-de-Belem.jpeg 1200w\" sizes=\"auto, (max-width: 768px) 100vw, 768px\" \/><figcaption class=\"wp-element-caption\">Pasteis de Belem<\/figcaption><\/figure>\n\n\n\n<figure class=\"wp-block-image size-large has-custom-border\"><img loading=\"lazy\" decoding=\"async\" width=\"768\" height=\"1024\" data-id=\"2046\" src=\"https:\/\/rtvgastro.es\/wp-content\/uploads\/2026\/03\/Praca-do-Comerco-768x1024.jpeg\" alt=\"Pra\u00e7a do Comer\u00e7o en pleno centro hist\u00f3rico de la ciudad de Lisboa\" class=\"wp-image-2046\" style=\"border-top-left-radius:20px;border-top-right-radius:20px;border-bottom-left-radius:20px;border-bottom-right-radius:20px\" srcset=\"https:\/\/rtvgastro.es\/wp-content\/uploads\/2026\/03\/Praca-do-Comerco-768x1024.jpeg 768w, https:\/\/rtvgastro.es\/wp-content\/uploads\/2026\/03\/Praca-do-Comerco-225x300.jpeg 225w, https:\/\/rtvgastro.es\/wp-content\/uploads\/2026\/03\/Praca-do-Comerco-1152x1536.jpeg 1152w, https:\/\/rtvgastro.es\/wp-content\/uploads\/2026\/03\/Praca-do-Comerco-9x12.jpeg 9w, https:\/\/rtvgastro.es\/wp-content\/uploads\/2026\/03\/Praca-do-Comerco.jpeg 1200w\" sizes=\"auto, (max-width: 768px) 100vw, 768px\" \/><figcaption class=\"wp-element-caption\">Pra\u00e7a do Comercio<\/figcaption><\/figure>\n\n\n\n<figure class=\"wp-block-image size-large has-custom-border\"><img loading=\"lazy\" decoding=\"async\" width=\"768\" height=\"1024\" data-id=\"2051\" src=\"https:\/\/rtvgastro.es\/wp-content\/uploads\/2026\/03\/Queijos-768x1024.jpeg\" alt=\"Los quesos portugueses suelen ser cremosos y de vaca\" class=\"wp-image-2051\" style=\"border-top-left-radius:20px;border-top-right-radius:20px;border-bottom-left-radius:20px;border-bottom-right-radius:20px\" srcset=\"https:\/\/rtvgastro.es\/wp-content\/uploads\/2026\/03\/Queijos-768x1024.jpeg 768w, https:\/\/rtvgastro.es\/wp-content\/uploads\/2026\/03\/Queijos-225x300.jpeg 225w, https:\/\/rtvgastro.es\/wp-content\/uploads\/2026\/03\/Queijos-1152x1536.jpeg 1152w, https:\/\/rtvgastro.es\/wp-content\/uploads\/2026\/03\/Queijos-9x12.jpeg 9w, https:\/\/rtvgastro.es\/wp-content\/uploads\/2026\/03\/Queijos.jpeg 1200w\" sizes=\"auto, (max-width: 768px) 100vw, 768px\" \/><figcaption class=\"wp-element-caption\">Tabla de Quesos<\/figcaption><\/figure>\n\n\n\n<figure class=\"wp-block-image size-large has-custom-border\"><img loading=\"lazy\" decoding=\"async\" width=\"768\" height=\"1024\" data-id=\"2052\" src=\"https:\/\/rtvgastro.es\/wp-content\/uploads\/2026\/03\/Santa-Maria-768x1024.jpeg\" alt=\"ascensor mirador que comunica la zona alta y baja de la ciudad\" class=\"wp-image-2052\" style=\"border-top-left-radius:20px;border-top-right-radius:20px;border-bottom-left-radius:20px;border-bottom-right-radius:20px\" srcset=\"https:\/\/rtvgastro.es\/wp-content\/uploads\/2026\/03\/Santa-Maria-768x1024.jpeg 768w, https:\/\/rtvgastro.es\/wp-content\/uploads\/2026\/03\/Santa-Maria-225x300.jpeg 225w, https:\/\/rtvgastro.es\/wp-content\/uploads\/2026\/03\/Santa-Maria-1152x1536.jpeg 1152w, https:\/\/rtvgastro.es\/wp-content\/uploads\/2026\/03\/Santa-Maria-9x12.jpeg 9w, https:\/\/rtvgastro.es\/wp-content\/uploads\/2026\/03\/Santa-Maria.jpeg 1200w\" sizes=\"auto, (max-width: 768px) 100vw, 768px\" \/><figcaption class=\"wp-element-caption\">Ascensor mirador<\/figcaption><\/figure>\n\n\n\n<figure class=\"wp-block-image size-large has-custom-border\"><img loading=\"lazy\" decoding=\"async\" width=\"1024\" height=\"768\" data-id=\"2053\" src=\"https:\/\/rtvgastro.es\/wp-content\/uploads\/2026\/03\/Tienda-de-latas-1024x768.jpeg\" alt=\"Tienda tur\u00edstica con latas de sardinas y otros productos con todos los a\u00f1os.\" class=\"wp-image-2053\" style=\"border-top-left-radius:20px;border-top-right-radius:20px;border-bottom-left-radius:20px;border-bottom-right-radius:20px\" srcset=\"https:\/\/rtvgastro.es\/wp-content\/uploads\/2026\/03\/Tienda-de-latas-1024x768.jpeg 1024w, https:\/\/rtvgastro.es\/wp-content\/uploads\/2026\/03\/Tienda-de-latas-300x225.jpeg 300w, https:\/\/rtvgastro.es\/wp-content\/uploads\/2026\/03\/Tienda-de-latas-768x576.jpeg 768w, https:\/\/rtvgastro.es\/wp-content\/uploads\/2026\/03\/Tienda-de-latas-1536x1152.jpeg 1536w, https:\/\/rtvgastro.es\/wp-content\/uploads\/2026\/03\/Tienda-de-latas-16x12.jpeg 16w, https:\/\/rtvgastro.es\/wp-content\/uploads\/2026\/03\/Tienda-de-latas.jpeg 1600w\" sizes=\"auto, (max-width: 1024px) 100vw, 1024px\" \/><figcaption class=\"wp-element-caption\">Latas de sardinas<\/figcaption><\/figure>\n\n\n\n<figure class=\"wp-block-image size-large has-custom-border\"><img loading=\"lazy\" decoding=\"async\" width=\"768\" height=\"1024\" data-id=\"2055\" src=\"https:\/\/rtvgastro.es\/wp-content\/uploads\/2026\/03\/Tranvia-abajo-768x1024.jpeg\" alt=\"el t\u00edpico tranv\u00eda que sube una de las empinadas calles de Lisboa\" class=\"wp-image-2055\" style=\"border-top-left-radius:20px;border-top-right-radius:20px;border-bottom-left-radius:20px;border-bottom-right-radius:20px\" srcset=\"https:\/\/rtvgastro.es\/wp-content\/uploads\/2026\/03\/Tranvia-abajo-768x1024.jpeg 768w, https:\/\/rtvgastro.es\/wp-content\/uploads\/2026\/03\/Tranvia-abajo-225x300.jpeg 225w, https:\/\/rtvgastro.es\/wp-content\/uploads\/2026\/03\/Tranvia-abajo-1152x1536.jpeg 1152w, https:\/\/rtvgastro.es\/wp-content\/uploads\/2026\/03\/Tranvia-abajo-9x12.jpeg 9w, https:\/\/rtvgastro.es\/wp-content\/uploads\/2026\/03\/Tranvia-abajo.jpeg 1200w\" sizes=\"auto, (max-width: 768px) 100vw, 768px\" \/><figcaption class=\"wp-element-caption\">Tranv\u00eda lisboeta<\/figcaption><\/figure>\n\n\n\n<figure class=\"wp-block-image size-large has-custom-border\"><img loading=\"lazy\" decoding=\"async\" width=\"768\" height=\"1024\" data-id=\"2056\" src=\"https:\/\/rtvgastro.es\/wp-content\/uploads\/2026\/03\/Tranvia-arriba-768x1024.jpeg\" alt=\"otra vista del tranv\u00eda de Lisboa\" class=\"wp-image-2056\" style=\"border-top-left-radius:20px;border-top-right-radius:20px;border-bottom-left-radius:20px;border-bottom-right-radius:20px\" srcset=\"https:\/\/rtvgastro.es\/wp-content\/uploads\/2026\/03\/Tranvia-arriba-768x1024.jpeg 768w, https:\/\/rtvgastro.es\/wp-content\/uploads\/2026\/03\/Tranvia-arriba-225x300.jpeg 225w, https:\/\/rtvgastro.es\/wp-content\/uploads\/2026\/03\/Tranvia-arriba-1152x1536.jpeg 1152w, https:\/\/rtvgastro.es\/wp-content\/uploads\/2026\/03\/Tranvia-arriba-9x12.jpeg 9w, https:\/\/rtvgastro.es\/wp-content\/uploads\/2026\/03\/Tranvia-arriba.jpeg 1200w\" sizes=\"auto, (max-width: 768px) 100vw, 768px\" \/><figcaption class=\"wp-element-caption\">Bajando del Tranv\u00eda<\/figcaption><\/figure>\n\n\n\n<figure class=\"wp-block-image size-large has-custom-border\"><img loading=\"lazy\" decoding=\"async\" width=\"1024\" height=\"768\" data-id=\"2058\" src=\"https:\/\/rtvgastro.es\/wp-content\/uploads\/2026\/03\/Vinhos-1024x768.jpeg\" alt=\"los vinhos portugueses representan una gran variedad de vinos de calidad\" class=\"wp-image-2058\" style=\"border-top-left-radius:20px;border-top-right-radius:20px;border-bottom-left-radius:20px;border-bottom-right-radius:20px\" srcset=\"https:\/\/rtvgastro.es\/wp-content\/uploads\/2026\/03\/Vinhos-1024x768.jpeg 1024w, https:\/\/rtvgastro.es\/wp-content\/uploads\/2026\/03\/Vinhos-300x225.jpeg 300w, https:\/\/rtvgastro.es\/wp-content\/uploads\/2026\/03\/Vinhos-768x576.jpeg 768w, https:\/\/rtvgastro.es\/wp-content\/uploads\/2026\/03\/Vinhos-1536x1152.jpeg 1536w, https:\/\/rtvgastro.es\/wp-content\/uploads\/2026\/03\/Vinhos-16x12.jpeg 16w, https:\/\/rtvgastro.es\/wp-content\/uploads\/2026\/03\/Vinhos.jpeg 1600w\" sizes=\"auto, (max-width: 1024px) 100vw, 1024px\" \/><figcaption class=\"wp-element-caption\">Vinhos portugueses<\/figcaption><\/figure>\n\n\n\n<figure class=\"wp-block-image size-large has-custom-border\"><img loading=\"lazy\" decoding=\"async\" width=\"1024\" height=\"768\" data-id=\"2057\" src=\"https:\/\/rtvgastro.es\/wp-content\/uploads\/2026\/03\/Vistas-1024x768.jpeg\" alt=\"diferentes miradores naturales permiten observar desde alto la ciudad de Lisboa\" class=\"wp-image-2057\" style=\"border-top-left-radius:20px;border-top-right-radius:20px;border-bottom-left-radius:20px;border-bottom-right-radius:20px\" srcset=\"https:\/\/rtvgastro.es\/wp-content\/uploads\/2026\/03\/Vistas-1024x768.jpeg 1024w, https:\/\/rtvgastro.es\/wp-content\/uploads\/2026\/03\/Vistas-300x225.jpeg 300w, https:\/\/rtvgastro.es\/wp-content\/uploads\/2026\/03\/Vistas-768x576.jpeg 768w, https:\/\/rtvgastro.es\/wp-content\/uploads\/2026\/03\/Vistas-1536x1152.jpeg 1536w, https:\/\/rtvgastro.es\/wp-content\/uploads\/2026\/03\/Vistas-16x12.jpeg 16w, https:\/\/rtvgastro.es\/wp-content\/uploads\/2026\/03\/Vistas.jpeg 1600w\" sizes=\"auto, (max-width: 1024px) 100vw, 1024px\" \/><figcaption class=\"wp-element-caption\">Vistas de Lisboa<\/figcaption><\/figure>\n<\/figure>\n\n\n\n<div class=\"wp-block-group alignfull is-style-ext-preset--group--natural-1--section has-background-background-color has-background has-global-padding is-layout-constrained wp-container-core-group-is-layout-e955bbaf wp-block-group-is-layout-constrained is-style-ext-preset--group--natural-1--section--2\" style=\"margin-top:0;margin-bottom:0;padding-top:var(--wp--preset--spacing--70);padding-bottom:var(--wp--preset--spacing--70)\">\n<div class=\"wp-block-query alignwide is-layout-flow wp-block-query-is-layout-flow\"><ul class=\"columns-3 wp-block-post-template is-layout-grid wp-container-core-post-template-is-layout-10753265 wp-block-post-template-is-layout-grid\"><li class=\"wp-block-post post-4252 post type-post status-publish format-standard has-post-thumbnail hentry category-labodegadeserxusolares tag-adega tag-alentejo tag-portugal\">\n\n<div class=\"wp-block-group is-style-ext-preset--group--natural-1--item-card-1--align-start has-global-padding is-layout-constrained wp-block-group-is-layout-constrained is-style-ext-preset--group--natural-1--item-card-1--align-start--3\"><figure style=\"aspect-ratio:4\/3;\" class=\"wp-block-post-featured-image\"><img loading=\"lazy\" decoding=\"async\" width=\"1200\" height=\"1600\" src=\"https:\/\/rtvgastro.es\/wp-content\/uploads\/2026\/04\/Adega-Borba-Premium-2022-Alentejo.jpeg\" class=\"attachment-post-thumbnail size-post-thumbnail wp-post-image\" alt=\"Adega Borba Premium 2022 DOC Alentejo Portugal\" style=\"width:100%;height:100%;object-fit:cover;\" srcset=\"https:\/\/rtvgastro.es\/wp-content\/uploads\/2026\/04\/Adega-Borba-Premium-2022-Alentejo.jpeg 1200w, https:\/\/rtvgastro.es\/wp-content\/uploads\/2026\/04\/Adega-Borba-Premium-2022-Alentejo-225x300.jpeg 225w, https:\/\/rtvgastro.es\/wp-content\/uploads\/2026\/04\/Adega-Borba-Premium-2022-Alentejo-768x1024.jpeg 768w, https:\/\/rtvgastro.es\/wp-content\/uploads\/2026\/04\/Adega-Borba-Premium-2022-Alentejo-1152x1536.jpeg 1152w, https:\/\/rtvgastro.es\/wp-content\/uploads\/2026\/04\/Adega-Borba-Premium-2022-Alentejo-9x12.jpeg 9w\" sizes=\"auto, (max-width: 1200px) 100vw, 1200px\" \/><\/figure>\n\n\n<div class=\"wp-block-group is-style-default has-global-padding is-layout-constrained wp-container-core-group-is-layout-e0082cf6 wp-block-group-is-layout-constrained\"><div style=\"font-size:14px;font-style:normal;font-weight:600\" class=\"taxonomy-category wp-block-post-terms\"><a href=\"https:\/\/rtvgastro.es\/en\/category\/labodegadeserxusolares\/\" rel=\"tag\">La Bodega de Serxu Solares<\/a><\/div>\n\n<h2 style=\"font-size:clamp(15.747px, 0.984rem + ((1vw - 3.2px) * 0.86), 24px); margin-top:8px;margin-bottom:var(--wp--preset--spacing--20);\" class=\"wp-block-post-title\"><a href=\"https:\/\/rtvgastro.es\/en\/adega-de-borba-premium-2022\/\" target=\"_self\" >Adega de Borba Premium 2022<\/a><\/h2>\n\n<div style=\"margin-top:var(--wp--preset--spacing--20);margin-bottom:var(--wp--preset--spacing--20);\" class=\"wp-block-post-excerpt has-small-font-size\"><p class=\"wp-block-post-excerpt__excerpt\">A finales del 2025 me dej\u00e9 caer por tierras portuguesas para descubrir la regi\u00f3n del&hellip; <\/p><\/div><\/div>\n<\/div>\n\n<\/li><li class=\"wp-block-post post-4224 post type-post status-publish format-standard has-post-thumbnail hentry category-noticias category-vinos tag-malaga tag-museo tag-vino\">\n\n<div class=\"wp-block-group is-style-ext-preset--group--natural-1--item-card-1--align-start has-global-padding is-layout-constrained wp-block-group-is-layout-constrained is-style-ext-preset--group--natural-1--item-card-1--align-start--4\"><figure style=\"aspect-ratio:4\/3;\" class=\"wp-block-post-featured-image\"><img loading=\"lazy\" decoding=\"async\" width=\"526\" height=\"454\" src=\"https:\/\/rtvgastro.es\/wp-content\/uploads\/2026\/04\/Recepcion-donacion.jpg\" class=\"attachment-post-thumbnail size-post-thumbnail wp-post-image\" alt=\"Malaga Ke, donado por Stefan Alveno Persili, m\u00e9dico y coleccionista suizo, constituye un valioso testimonio del comercio internacional de vinos entre finales del siglo XIX y principios del siglo XX\" style=\"width:100%;height:100%;object-fit:cover;\" srcset=\"https:\/\/rtvgastro.es\/wp-content\/uploads\/2026\/04\/Recepcion-donacion.jpg 526w, https:\/\/rtvgastro.es\/wp-content\/uploads\/2026\/04\/Recepcion-donacion-300x259.jpg 300w, https:\/\/rtvgastro.es\/wp-content\/uploads\/2026\/04\/Recepcion-donacion-14x12.jpg 14w\" sizes=\"auto, (max-width: 526px) 100vw, 526px\" \/><\/figure>\n\n\n<div class=\"wp-block-group is-style-default has-global-padding is-layout-constrained wp-container-core-group-is-layout-e0082cf6 wp-block-group-is-layout-constrained\"><div style=\"font-size:14px;font-style:normal;font-weight:600\" class=\"taxonomy-category wp-block-post-terms\"><a href=\"https:\/\/rtvgastro.es\/en\/category\/noticias\/\" rel=\"tag\">Noticias<\/a><span class=\"wp-block-post-terms__separator\">, <\/span><a href=\"https:\/\/rtvgastro.es\/en\/category\/vinos\/\" rel=\"tag\">Vinos<\/a><\/div>\n\n<h2 style=\"font-size:clamp(15.747px, 0.984rem + ((1vw - 3.2px) * 0.86), 24px); margin-top:8px;margin-bottom:var(--wp--preset--spacing--20);\" class=\"wp-block-post-title\"><a href=\"https:\/\/rtvgastro.es\/en\/el-museo-del-vino-malaga-incorpora-una-importante-donacion-documental\/\" target=\"_self\" >El Museo del Vino M\u00e1laga incorpora una importante donaci\u00f3n documental<\/a><\/h2>\n\n<div style=\"margin-top:var(--wp--preset--spacing--20);margin-bottom:var(--wp--preset--spacing--20);\" class=\"wp-block-post-excerpt has-small-font-size\"><p class=\"wp-block-post-excerpt__excerpt\">Redacci\u00f3n Este conjunto documental, donado por Stefan Alveno Persili, m\u00e9dico y coleccionista suizo, constituye un&hellip; <\/p><\/div><\/div>\n<\/div>\n\n<\/li><li class=\"wp-block-post post-4135 post type-post status-publish format-standard has-post-thumbnail hentry category-labodegadeserxusolares tag-aove tag-cata tag-jaen\">\n\n<div class=\"wp-block-group is-style-ext-preset--group--natural-1--item-card-1--align-start has-global-padding is-layout-constrained wp-block-group-is-layout-constrained is-style-ext-preset--group--natural-1--item-card-1--align-start--5\"><figure style=\"aspect-ratio:4\/3;\" class=\"wp-block-post-featured-image\"><img loading=\"lazy\" decoding=\"async\" width=\"1200\" height=\"1600\" src=\"https:\/\/rtvgastro.es\/wp-content\/uploads\/2026\/04\/WhatsApp-Image-2026-04-16-at-19.24.08.jpeg\" class=\"attachment-post-thumbnail size-post-thumbnail wp-post-image\" alt=\"AOVE Hacienda El Palo elaborado en Jaen uno de los mejores aceites del mundo\" style=\"width:100%;height:100%;object-fit:cover;\" \/><\/figure>\n\n\n<div class=\"wp-block-group is-style-default has-global-padding is-layout-constrained wp-container-core-group-is-layout-e0082cf6 wp-block-group-is-layout-constrained\"><div style=\"font-size:14px;font-style:normal;font-weight:600\" class=\"taxonomy-category wp-block-post-terms\"><a href=\"https:\/\/rtvgastro.es\/en\/category\/labodegadeserxusolares\/\" rel=\"tag\">La Bodega de Serxu Solares<\/a><\/div>\n\n<h2 style=\"font-size:clamp(15.747px, 0.984rem + ((1vw - 3.2px) * 0.86), 24px); margin-top:8px;margin-bottom:var(--wp--preset--spacing--20);\" class=\"wp-block-post-title\"><a href=\"https:\/\/rtvgastro.es\/en\/aove-hacienda-el-palo\/\" target=\"_self\" >AOVE Hacienda El Palo<\/a><\/h2>\n\n<div style=\"margin-top:var(--wp--preset--spacing--20);margin-bottom:var(--wp--preset--spacing--20);\" class=\"wp-block-post-excerpt has-small-font-size\"><p class=\"wp-block-post-excerpt__excerpt\">Serxu Solares @serxusolares La almazara Hacienda El Palo, situada en el coraz\u00f3n de la provincia&hellip; <\/p><\/div><\/div>\n<\/div>\n\n<\/li><\/ul><\/div>\n\n\n\n<div class=\"wp-block-buttons alignwide is-content-justification-center is-layout-flex wp-container-core-buttons-is-layout-a89b3969 wp-block-buttons-is-layout-flex\">\n<div class=\"wp-block-button is-style-ext-preset--button--natural-1--button-1 is-style-ext-preset--button--natural-1--button-1--6\"><a class=\"wp-block-button__link wp-element-button\" href=\"#extendify-blog\">Ver todo<\/a><\/div>\n<\/div>\n<\/div>\n\n\n<figure class=\"wp-block-post-featured-image\"><img loading=\"lazy\" decoding=\"async\" width=\"1200\" height=\"1600\" src=\"https:\/\/rtvgastro.es\/wp-content\/uploads\/2026\/03\/Tranvia-abajo.jpeg\" class=\"attachment-full size-full wp-post-image\" alt=\"Tranv\u00eda de Lisboa\" style=\"border-top-left-radius:20px;border-top-right-radius:20px;border-bottom-left-radius:20px;border-bottom-right-radius:20px;object-fit:cover;\" srcset=\"https:\/\/rtvgastro.es\/wp-content\/uploads\/2026\/03\/Tranvia-abajo.jpeg 1200w, https:\/\/rtvgastro.es\/wp-content\/uploads\/2026\/03\/Tranvia-abajo-225x300.jpeg 225w, https:\/\/rtvgastro.es\/wp-content\/uploads\/2026\/03\/Tranvia-abajo-768x1024.jpeg 768w, https:\/\/rtvgastro.es\/wp-content\/uploads\/2026\/03\/Tranvia-abajo-1152x1536.jpeg 1152w, https:\/\/rtvgastro.es\/wp-content\/uploads\/2026\/03\/Tranvia-abajo-9x12.jpeg 9w\" sizes=\"auto, (max-width: 1200px) 100vw, 1200px\" \/><\/figure>\n\n\n<p><\/p>","protected":false},"excerpt":{"rendered":"<p>B\u00e1rbara Rodr\u00edguez Lisboa no se visita, se saborea. La capital portuguesa es una ciudad que entra primero por el olfato: el aroma del caf\u00e9 reci\u00e9n molido, el bacalao confit\u00e1ndose lentamente, las sardinas as\u00e1ndose en parrillas improvisadas y el dulzor inconfundible de los past\u00e9is de nata saliendo del horno. Situada frente al Atl\u00e1ntico y moldeada por [&hellip;]<\/p>\n","protected":false},"author":1,"featured_media":2055,"comment_status":"open","ping_status":"open","sticky":false,"template":"","format":"standard","meta":{"_monsterinsights_skip_tracking":false,"_monsterinsights_sitenote_active":false,"_monsterinsights_sitenote_note":"","_monsterinsights_sitenote_category":0,"_uf_show_specific_survey":0,"_uf_disable_surveys":false,"footnotes":""},"categories":[14],"tags":[55,57,56],"class_list":["post-1901","post","type-post","status-publish","format-standard","has-post-thumbnail","hentry","category-viajes","tag-lisboa","tag-lisboa-fin-de-semana","tag-lisboa-gastro"],"aioseo_notices":[],"_links":{"self":[{"href":"https:\/\/rtvgastro.es\/en\/wp-json\/wp\/v2\/posts\/1901","targetHints":{"allow":["GET"]}}],"collection":[{"href":"https:\/\/rtvgastro.es\/en\/wp-json\/wp\/v2\/posts"}],"about":[{"href":"https:\/\/rtvgastro.es\/en\/wp-json\/wp\/v2\/types\/post"}],"author":[{"embeddable":true,"href":"https:\/\/rtvgastro.es\/en\/wp-json\/wp\/v2\/users\/1"}],"replies":[{"embeddable":true,"href":"https:\/\/rtvgastro.es\/en\/wp-json\/wp\/v2\/comments?post=1901"}],"version-history":[{"count":227,"href":"https:\/\/rtvgastro.es\/en\/wp-json\/wp\/v2\/posts\/1901\/revisions"}],"predecessor-version":[{"id":2174,"href":"https:\/\/rtvgastro.es\/en\/wp-json\/wp\/v2\/posts\/1901\/revisions\/2174"}],"wp:featuredmedia":[{"embeddable":true,"href":"https:\/\/rtvgastro.es\/en\/wp-json\/wp\/v2\/media\/2055"}],"wp:attachment":[{"href":"https:\/\/rtvgastro.es\/en\/wp-json\/wp\/v2\/media?parent=1901"}],"wp:term":[{"taxonomy":"category","embeddable":true,"href":"https:\/\/rtvgastro.es\/en\/wp-json\/wp\/v2\/categories?post=1901"},{"taxonomy":"post_tag","embeddable":true,"href":"https:\/\/rtvgastro.es\/en\/wp-json\/wp\/v2\/tags?post=1901"}],"curies":[{"name":"wp","href":"https:\/\/api.w.org\/{rel}","templated":true}]}}