{"id":1374,"date":"2026-03-05T07:30:01","date_gmt":"2026-03-05T07:30:01","guid":{"rendered":"https:\/\/rtvgastro.es\/?p=1374"},"modified":"2026-03-20T08:06:42","modified_gmt":"2026-03-20T08:06:42","slug":"sanlucar-de-barrameda-el-paraiso-escondido","status":"publish","type":"post","link":"https:\/\/rtvgastro.es\/en\/sanlucar-de-barrameda-el-paraiso-escondido\/","title":{"rendered":"Sanl\u00facar de Barrameda: El para\u00edso escondido"},"content":{"rendered":"<ul class=\"wp-block-list\">\n<li class=\"has-secondary-color has-text-color has-link-color wp-elements-dd71aedb62190b1a8495e19e4d7a86f1\" style=\"font-size:clamp(0.875rem, 0.875rem + ((1vw - 0.2rem) * 0.042), 0.9rem);\">Serxu Solares @serxusolares<\/li>\n<\/ul>\n\n\n\n<p>En Sanl\u00facar se acaba el mundo, o empieza; de aqu\u00ed parti\u00f3 la primera vuelta al mundo&nbsp;en 1519, se celebraron entre 2019 y 2022 los 500 a\u00f1os, de la expedici\u00f3n. Territorio ligado al agua y a la tierra en el que son famosos sus vinos, especialmente la Manzanilla, las papas (patatas de Navazo) y los langostinos.&nbsp;Pero Sanl\u00facar es mucho m\u00e1s, es un espacio en el que so\u00f1ar, en el que desconectar entre sus gentes amables, siempre dispuestas a ayudar y sin mirarte por encima del hombro.&nbsp;<\/p>\n\n\n\n<p>Este es un medio que intenta hablar habitualmente de gastronom\u00eda y como sab\u00e9is, mis viajes lo son para disfrutar de ella; as\u00ed que tratar\u00e9 de recorrer ese Sanl\u00facar gastron\u00f3mico sin olvidarme de algunos rincones que merece la pena conocer, aunque en ellos no nos den de comer. En 2022 fue la&nbsp;Capital Espa\u00f1ola de Gastronom\u00eda, siendo la primera vez que se le conced\u00eda a una poblaci\u00f3n no capital de provincia o comunidad aut\u00f3noma, recogiendo el testigo de la Regi\u00f3n de Murcia.&nbsp;<\/p>\n\n\n\n<p>Est\u00e1 a 100 kil\u00f3metros de Sevilla, sin comunicaci\u00f3n directa por autov\u00eda, tocando la provincia de Huelva<br>con las puntas de los dedos, pero tremendamente lejos, ya que el \u00fanico acceso por carretera nos obliga a volver atr\u00e1s, excepto para ir al camino del Roc\u00edo que podremos atravesar el m\u00e1gico parque de Do\u00f1ana situado justo enfrente. Sanl\u00facar hay que vivirlo desde tierra, pero es impresionante desde el agua. Yo tuve el enorme privilegio de poder hacerlo de la mano de nuestro amigo Juan, del Bar Juan. Gracias a \u00e9l, he tenido la suerte de pasar el d\u00eda, en varias ocasiones, en el agua, descubrir el barco semi hundido, s\u00ed, para los que en alg\u00fan momento pensasteis que en la desembocadura del Guadalquivir hab\u00eda una plataforma petrol\u00edfera o similar, ya ha perdido ese atractivo, pues no, es un barco encallado y partido por la mitad, estuario de peces y ya visita tur\u00edstica mar\u00edtima, actualmente la torre est\u00e1 completamente ca\u00edda y el barco cada d\u00eda m\u00e1s hundido, todo indica a que no pasando mucho tiempo desaparecer\u00e1 del paisaje sanluque\u00f1o. Recorrer el Guadalquivir arriba y abajo y poder llenarnos de lodo hasta los ojos en la curativa orilla de Do\u00f1ana. Pero quiz\u00e1 lo m\u00e1s atractivo de todo sea el desembarco en la oculta casi siempre isla de Juampur, que solo aparece con marea baja y en la que, si no andas muy bien de manejo, no es dif\u00edcil encallar. Esta es una experiencia altamente recomendable y si ten\u00e9is la oportunidad no la despreci\u00e9is, porque merece mucho m\u00e1s la pena ir a la playa en la zona del parque natural.<\/p>\n\n\n\n<figure class=\"wp-block-image size-large has-custom-border\"><img loading=\"lazy\" decoding=\"async\" width=\"1024\" height=\"577\" src=\"https:\/\/rtvgastro.es\/wp-content\/uploads\/2026\/03\/carreras-de-caballos-1024x577.jpeg\" alt=\"Carreras de caballos de Sanl\u00facar de Barrameda al atardecer\" class=\"wp-image-1382\" style=\"border-top-left-radius:20px;border-top-right-radius:20px;border-bottom-left-radius:20px;border-bottom-right-radius:20px\" srcset=\"https:\/\/rtvgastro.es\/wp-content\/uploads\/2026\/03\/carreras-de-caballos-1024x577.jpeg 1024w, https:\/\/rtvgastro.es\/wp-content\/uploads\/2026\/03\/carreras-de-caballos-300x169.jpeg 300w, https:\/\/rtvgastro.es\/wp-content\/uploads\/2026\/03\/carreras-de-caballos-768x433.jpeg 768w, https:\/\/rtvgastro.es\/wp-content\/uploads\/2026\/03\/carreras-de-caballos-1536x866.jpeg 1536w, https:\/\/rtvgastro.es\/wp-content\/uploads\/2026\/03\/carreras-de-caballos-18x10.jpeg 18w, https:\/\/rtvgastro.es\/wp-content\/uploads\/2026\/03\/carreras-de-caballos.jpeg 1600w\" sizes=\"auto, (max-width: 1024px) 100vw, 1024px\" \/><figcaption class=\"wp-element-caption\">Carreras de Caballos de Sanl\u00facar de Barrameda<\/figcaption><\/figure>\n\n\n\n<p>Pero antes de meterme en la faena de las recomendaciones, tengo que terminar esta introducci\u00f3n diciendo que est\u00e1 es una gu\u00eda bastante alternativa a lo habitual, buscando la autenticidad y el tipismo de la ciudad y tratando de dar a conocer rincones que la mayor\u00eda de ellos no suelen aparecer en las recomendaciones habituales, que no suelen estar recogidas en la mayor\u00eda de las publicaciones, porque o no visitan la ciudad, o hablan de o\u00eddas o vienen con tan poco tiempo que no quieren perderse, que no quieren ser aut\u00e9nticos, que no buscan darle al lector, el atractivo de perderse en los encantos de una ciudad como esta y os aseguro, que tiene muchos.<\/p>\n\n\n\n<h4 class=\"wp-block-heading\"><strong>EL BARRIO ALTO<\/strong><\/h4>\n\n\n\n<p>El barrio alto es el m\u00e1s aut\u00e9ntico de toda la ciudad, no apto para todos los p\u00fablicos, est\u00e1 lleno de peque\u00f1as tascas en las que poder disfrutar de una Manzanilla, a veces fina<sup>1<\/sup>, a veces pasada<sup>2<\/sup> y otras en rama<sup>3<\/sup> pero siempre fresca.<\/p>\n\n\n\n<p>Nuestra base de operaciones es el&nbsp;<strong>Hotel Los Helechos<\/strong>, localizado en la plaza de la Madre de Dios, un 3 estrellas situado en una casa se\u00f1orial del siglo XVIII, con habitaciones c\u00f3modas, sin lujos, siempre limpias y con un trato familiar. Es perfecto para olvidarse del coche, eso s\u00ed, o ten\u00e9is plaza de aparcamiento en su reducido parking o ir pensando donde tirar vuestro veh\u00edculo ya que la zona es imposible para aparcar,&nbsp;cuando reserves no te olvides de la plaza de garaje. Es un establecimiento que cuenta con 56 habitaciones divididas en planta baja y dos superiores, en la \u00faltima con un sol\u00e1rium y piscina.&nbsp;<\/p>\n\n\n\n<figure class=\"wp-block-image size-large has-custom-border\"><img loading=\"lazy\" decoding=\"async\" width=\"1024\" height=\"768\" src=\"https:\/\/rtvgastro.es\/wp-content\/uploads\/2026\/03\/solarium-los-helechos-1024x768.jpeg\" alt=\"\" class=\"wp-image-1388\" style=\"border-top-left-radius:20px;border-top-right-radius:20px;border-bottom-left-radius:20px;border-bottom-right-radius:20px\" srcset=\"https:\/\/rtvgastro.es\/wp-content\/uploads\/2026\/03\/solarium-los-helechos-1024x768.jpeg 1024w, https:\/\/rtvgastro.es\/wp-content\/uploads\/2026\/03\/solarium-los-helechos-300x225.jpeg 300w, https:\/\/rtvgastro.es\/wp-content\/uploads\/2026\/03\/solarium-los-helechos-768x576.jpeg 768w, https:\/\/rtvgastro.es\/wp-content\/uploads\/2026\/03\/solarium-los-helechos-1536x1152.jpeg 1536w, https:\/\/rtvgastro.es\/wp-content\/uploads\/2026\/03\/solarium-los-helechos-2048x1536.jpeg 2048w, https:\/\/rtvgastro.es\/wp-content\/uploads\/2026\/03\/solarium-los-helechos-16x12.jpeg 16w\" sizes=\"auto, (max-width: 1024px) 100vw, 1024px\" \/><figcaption class=\"wp-element-caption\">Solarium del Hotel Los Helechos<\/figcaption><\/figure>\n\n\n\n<p>Si salimos de ah\u00ed, de Los Helechos, tenemos dos opciones, ir de frente en b\u00fasqueda de la&nbsp;Cuesta de Bel\u00e9n, paralelos al mercado, o girar a la derecha por la&nbsp;calle Ba\u00f1os, hasta encontrarnos un callej\u00f3n en la acera de la izquierda por la que unas escaleras nos llevan al barrio Alto. Para mi son las dos mejores maneras de llegar, no obstante, hay m\u00e1s caminos que llevan a nuestra particular Roma. Si lo hacemos por la parte m\u00e1s conocida y comercial que es la Cuesta, llegaremos al Ayuntamiento y tomando a la izquierda, a unos metros, veremos la&nbsp;Iglesia Mayor, el&nbsp;Palacio de la Duquesita, que nos quedar\u00edan a la izquierda&nbsp;y hacia la derecha la&nbsp;Plaza de la Paz. Aqu\u00ed no caigamos en la tentaci\u00f3n de algunos de los bares (sigo pensando lo mismo muchas visitas despu\u00e9s), con hermosas terrazas y anuncios sugerentes en pizarras reclama turistas, El Gallego por ejemplo un sitio donde te cobran la Manzanilla m\u00e1s cara que en el centro.&nbsp;<\/p>\n\n\n\n<p>Sigamos caminando hasta llegar casi a la esquina y junto al antiguo banco, ahora Bar El Conejo y frente a la casa del partido comunista, est\u00e1&nbsp;<strong>Casa&nbsp;Antonio<\/strong>, un bar de esos que guardan el encanto de la tierra. Para la mayor\u00eda resultar\u00e1 incomodo, peque\u00f1o, pero para m\u00ed est\u00e1 lleno de encantos, de conversaci\u00f3n y de momentos agradables que siempre me hacen regresar, dispone de una gran terraza de la que he hecho uso y disfrute y ahora tambi\u00e9n de un comedor que te permite resguardarte en el invierno o en los d\u00edas de mucho calor. All\u00ed siempre&nbsp;sol\u00eda&nbsp;tomar el primer vaso de Manzanilla, acompa\u00f1ado de una tapita, unas olivas, un poco de morcilla, de butifarra, o una rodaja de choriz\u00f3n. Pero con el paso del tiempo y las visitas se ha convertido en un habitual del picoteo y es que su cocina es tradicional, sabrosa y bien elaborada. Disfruten aqu\u00ed de unos buenos boquerones, las tradicionales aced\u00edas, las magistrales puntillitas, siempre que las tenga hay que pedirlas, o los sabrosos salmonetes. No suele faltar cada d\u00eda uno o dos guisos que complementan la oferta.&nbsp;<\/p>\n\n\n\n<figure class=\"wp-block-image size-full has-custom-border\"><img loading=\"lazy\" decoding=\"async\" width=\"1024\" height=\"768\" src=\"https:\/\/rtvgastro.es\/wp-content\/uploads\/2026\/03\/chipirones-fritos-antonio-1.jpg\" alt=\"Chipirones fritos de Casa Antonio en la Plaza La Paz de Sanl\u00facar de Barrameda\" class=\"wp-image-1394\" style=\"border-top-left-radius:20px;border-top-right-radius:20px;border-bottom-left-radius:20px;border-bottom-right-radius:20px\" srcset=\"https:\/\/rtvgastro.es\/wp-content\/uploads\/2026\/03\/chipirones-fritos-antonio-1.jpg 1024w, https:\/\/rtvgastro.es\/wp-content\/uploads\/2026\/03\/chipirones-fritos-antonio-1-300x225.jpg 300w, https:\/\/rtvgastro.es\/wp-content\/uploads\/2026\/03\/chipirones-fritos-antonio-1-768x576.jpg 768w, https:\/\/rtvgastro.es\/wp-content\/uploads\/2026\/03\/chipirones-fritos-antonio-1-16x12.jpg 16w\" sizes=\"auto, (max-width: 1024px) 100vw, 1024px\" \/><figcaption class=\"wp-element-caption\">Chipirones fritos de Casa Antonio<\/figcaption><\/figure>\n\n\n\n<p>A continuaci\u00f3n, tenemos la llamativa terraza de <strong>El Conejo<\/strong>, no sol\u00eda parar, pero desde hace alg\u00fan tiempo merece una parada t\u00e9cnica, aqu\u00ed siempre te encontrar\u00e1s con mucha gente, es una terraza de \u00e9xito, amplia variedad de tapeo, se puede disfrutar de algunas de las tapas tradicionales sanluque\u00f1as, pero tambi\u00e9n comerte una hamburguesa bien elaborada. Continuamos hacia la calle Jerez. A pocos metros, la primera a la izquierda nos encontramos con la&nbsp;calle Santiago; en ella hay un peque\u00f1o bar,&nbsp;<strong>El Rinconcillo<\/strong>, donde Maolito Dami\u00e1n, con sus aventuras de famoseo, os alagar\u00e1 con sus encantos y un vaso de Manzanilla pasada,&nbsp;Barbiana de Delgado Zuleta, acompa\u00f1ada siempre de una tapa de cortes\u00eda, que se vuelve especialmente interesante los s\u00e1bados con el&nbsp;ajopapa&nbsp;y los domingos con el arroz. All\u00ed desde la incorporaci\u00f3n al equipo de Mila (su hija) siempre hay guisos interesantes y te ofrecen de comer. Mantiene algunos de los cl\u00e1sicos, como una rica ventresca que prepara con pimientos y unas latas de mejillones de diferentes tama\u00f1os. Tened claro que guisa como nadie y por encargo adem\u00e1s de lo que tiene habitualmente, os preparar\u00e1 una buena comida al m\u00e1s alto nivel gastron\u00f3mico. Es un lugar de encuentro y tertulia que cada d\u00eda me gusta m\u00e1s, siempre atento a la jugada y movi\u00e9ndose con gran maestr\u00eda. Sus&nbsp;langostinos al ajillo&nbsp;y los arroces son una aut\u00e9ntica delicia.&nbsp;<\/p>\n\n\n\n<figure class=\"wp-block-image size-large has-custom-border\"><img loading=\"lazy\" decoding=\"async\" width=\"1024\" height=\"768\" src=\"https:\/\/rtvgastro.es\/wp-content\/uploads\/2026\/03\/langostinos-al-ajillo-maolito-damian-1024x768.jpeg\" alt=\"Langostinos al ajillo de El Rinconcillo la casa de Maolito Damian en el Barrio Alto de Sanl\u00facar de Barrameda\" class=\"wp-image-1400\" style=\"border-top-left-radius:20px;border-top-right-radius:20px;border-bottom-left-radius:20px;border-bottom-right-radius:20px\" srcset=\"https:\/\/rtvgastro.es\/wp-content\/uploads\/2026\/03\/langostinos-al-ajillo-maolito-damian-1024x768.jpeg 1024w, https:\/\/rtvgastro.es\/wp-content\/uploads\/2026\/03\/langostinos-al-ajillo-maolito-damian-300x225.jpeg 300w, https:\/\/rtvgastro.es\/wp-content\/uploads\/2026\/03\/langostinos-al-ajillo-maolito-damian-768x576.jpeg 768w, https:\/\/rtvgastro.es\/wp-content\/uploads\/2026\/03\/langostinos-al-ajillo-maolito-damian-1536x1152.jpeg 1536w, https:\/\/rtvgastro.es\/wp-content\/uploads\/2026\/03\/langostinos-al-ajillo-maolito-damian-2048x1536.jpeg 2048w, https:\/\/rtvgastro.es\/wp-content\/uploads\/2026\/03\/langostinos-al-ajillo-maolito-damian-16x12.jpeg 16w\" sizes=\"auto, (max-width: 1024px) 100vw, 1024px\" \/><figcaption class=\"wp-element-caption\">Langostinos al ajillo de Maolito Damian<\/figcaption><\/figure>\n\n\n\n<p>Volvemos hacia la calle Jerez y nos dirigimos a&nbsp;Pozo Amarguillo, estrell\u00e1ndonos de frente con el&nbsp;<strong>Bar Juan<\/strong>, antes tendremos de nuevo una parada t\u00e9cnica. <strong>El Arquillo<\/strong>, siempre suele estar lleno, es un local donde poder disfrutar de una manzanilla o de un picoteo variado y bien elaborado. Esta pe\u00f1a (el Bar Juan), no es un sitio para turistas, recuerdo que me cost\u00f3 entrar 3 intentos, los dos primeros, \u00e9l, pertrechado en la entrada nos indic\u00f3 que el due\u00f1o hab\u00eda salido, de manera que su guasa nos hizo buscar otros lares, pero, los que me conoc\u00e9is ya sab\u00e9is que soy muy terco, ten\u00eda algo que me llamaba y me obliga a intentarlo, as\u00ed que, a la tercera, que dicen que es la vencida, le espet\u00e9, \u00bfotra vez, que eres el guardi\u00e1n&nbsp;que siempre estas t\u00fa y nunca est\u00e1 el jefe? El tono norte\u00f1o, le sac\u00f3 una sonrisa y dijo, es broma hombre, a partir de ah\u00ed, visita obligada en nuestros viajes. Aqu\u00ed no esperes comodidades, ni taper\u00edo, ni grandes lujos, es un bar humilde, pero lleno de encantos, que no aparece en las gu\u00edas, ni lo recomienda Carlos Herrera, ni esperes encontrarte turistas&nbsp;(cada vez hay m\u00e1s despistados como yo), m\u00e1s all\u00e1 de los intr\u00e9pidos y valientes. \u00daltimamente Juan no anda muy bien de salud y hay muchos d\u00edas que no est\u00e1, sin \u00e9l el local ya no es lo mismo. As\u00ed que probad suerte y a ver qu\u00e9 pasa.&nbsp;<\/p>\n\n\n\n<p>Salimos a la izquierda,&nbsp;para bajar Pozo Amarguillo, la calle m\u00e1s transitada y con un tr\u00e1fico loco de toda la ciudad y a pocos metros nos adentraremos en&nbsp;<strong>Los Aparceros<\/strong>, conocido por su famoso&nbsp;ajo campero&nbsp;que ponen a diario de tapa al mediod\u00eda y si va al ritmo de ventas normal, hasta las 14 horas aproximadamente, a veces se acaba antes, si no la Manzanilla nunca viaja sola, siempre hay un poco de menudo (cocido de garbanzos con callos y otras viandas), o en temporada unas habas, o unos&nbsp;chochos&nbsp;(altramuces). Aqu\u00ed merecen especial menci\u00f3n su brandy, el amontillado y el oloroso. Es otro de esos bares que tiene sitio para la barra y poco m\u00e1s, Manolito el de Los Aparceros, siempre te recibir\u00e1 con una sonrisa y Luis su peque\u00f1o lugarteniente los fines de semana.&nbsp;<\/p>\n\n\n\n<figure class=\"wp-block-image size-large has-custom-border\"><img loading=\"lazy\" decoding=\"async\" width=\"1024\" height=\"768\" src=\"https:\/\/rtvgastro.es\/wp-content\/uploads\/2026\/03\/vino-y-botas-los-aparceros-1024x768.jpeg\" alt=\"Gorri\u00f3n, el vaso de vino en el que se sirve la manzanilla en el barrio alto, con las botas de Los Aparceros\" class=\"wp-image-1416\" style=\"border-top-left-radius:20px;border-top-right-radius:20px;border-bottom-left-radius:20px;border-bottom-right-radius:20px\" srcset=\"https:\/\/rtvgastro.es\/wp-content\/uploads\/2026\/03\/vino-y-botas-los-aparceros-1024x768.jpeg 1024w, https:\/\/rtvgastro.es\/wp-content\/uploads\/2026\/03\/vino-y-botas-los-aparceros-300x225.jpeg 300w, https:\/\/rtvgastro.es\/wp-content\/uploads\/2026\/03\/vino-y-botas-los-aparceros-768x576.jpeg 768w, https:\/\/rtvgastro.es\/wp-content\/uploads\/2026\/03\/vino-y-botas-los-aparceros-1536x1152.jpeg 1536w, https:\/\/rtvgastro.es\/wp-content\/uploads\/2026\/03\/vino-y-botas-los-aparceros-2048x1536.jpeg 2048w, https:\/\/rtvgastro.es\/wp-content\/uploads\/2026\/03\/vino-y-botas-los-aparceros-16x12.jpeg 16w\" sizes=\"auto, (max-width: 1024px) 100vw, 1024px\" \/><figcaption class=\"wp-element-caption\">Los Aparceros<\/figcaption><\/figure>\n\n\n\n<p>Sin dejar el&nbsp;barrio alto, una de las \u00faltimas paradas de este recorrido, la tenemos que hacer, si Paco F\u00e9lix nos deja, en&nbsp;<strong>La Herrer\u00eda<\/strong>. Para llegar a ella saldremos a la izquierda donde a pocos metros nos sorprender\u00e1 la&nbsp;Pescader\u00eda de Ricardo Catapez&nbsp;con su oferta de pescados frescos (solo abre por las tardes), ah\u00ed giramos a la izquierda de nuevo y unas escaleras nos llevar\u00e1n a la&nbsp;calle Trabajadero&nbsp;donde giraremos a la derecha y siguiendo la carretera nos estrellamos con La Herrer\u00eda, una antigua herrer\u00eda donde el padre de Paco F\u00e9lix coloc\u00f3 una barra para ofrecer un vino a quien ven\u00eda a calzar a sus caballos y hoy en d\u00eda es un espacio gastron\u00f3mico sin haber hecho ninguna obra desde sus or\u00edgenes o casi. Otro sitio para no asustarse, venid preparados para los mosquitos y dejarse sorprender por sus raciones a precios de risa, unos chipirones (no sean exquisitos, aqu\u00ed no se limpia pescado), unos&nbsp;cachitos&nbsp;(carne ib\u00e9rica en trozos), un poco de&nbsp;carrill\u00e1, creo que cualquiera de sus platos merece la pena, eso s\u00ed, tienen que saber que si lo que quieren es seguir tapeando, pidan medias y compartan entre varios o estar\u00e1n perdidos. En la actualidad cuenta con un alojamiento tur\u00edstico en la parte superior del establecimiento y cada vez es m\u00e1s conocido por lo que suele estar lleno.&nbsp;En la propia puerta de Jerez nos encontramos dos terrazas la de la izquierda pertenece a otro sitio que me gusta mucho. <strong>La Beli<\/strong>, mantiene el nombre de la antigua propietaria, m\u00edtica por sus guisos en el barrio alto, pero ahora la llevan, los ni\u00f1os, una familia que sabe lo que se hace, mantienen la buena mano en la cocina y siempre es un buen sitio para disfrutar de una tapa o de una cerveza.<\/p>\n\n\n\n<figure class=\"wp-block-image size-large has-custom-border\"><img loading=\"lazy\" decoding=\"async\" width=\"1024\" height=\"768\" src=\"https:\/\/rtvgastro.es\/wp-content\/uploads\/2026\/03\/cachitos-la-herreria-1024x768.jpeg\" alt=\"Cachitos, que es como denominan aqu\u00ed al lagartito de cerdo con dos vasos de vino en La Herrer\u00eda en el Barrio Alto de Sanl\u00facar de Barrameda\" class=\"wp-image-1426\" style=\"border-top-left-radius:20px;border-top-right-radius:20px;border-bottom-left-radius:20px;border-bottom-right-radius:20px\" srcset=\"https:\/\/rtvgastro.es\/wp-content\/uploads\/2026\/03\/cachitos-la-herreria-1024x768.jpeg 1024w, https:\/\/rtvgastro.es\/wp-content\/uploads\/2026\/03\/cachitos-la-herreria-300x225.jpeg 300w, https:\/\/rtvgastro.es\/wp-content\/uploads\/2026\/03\/cachitos-la-herreria-768x576.jpeg 768w, https:\/\/rtvgastro.es\/wp-content\/uploads\/2026\/03\/cachitos-la-herreria-1536x1152.jpeg 1536w, https:\/\/rtvgastro.es\/wp-content\/uploads\/2026\/03\/cachitos-la-herreria-2048x1536.jpeg 2048w, https:\/\/rtvgastro.es\/wp-content\/uploads\/2026\/03\/cachitos-la-herreria-16x12.jpeg 16w\" sizes=\"auto, (max-width: 1024px) 100vw, 1024px\" \/><figcaption class=\"wp-element-caption\">Cachitos y vino en La Herrer\u00eda<\/figcaption><\/figure>\n\n\n\n<h4 class=\"wp-block-heading\"><strong>MAS TASCAS DEL BARRIO ALTO<\/strong><\/h4>\n\n\n\n<p>En la transici\u00f3n y recorriendo a la inversa otra de las maneras de subir al barrio alto nos encontramos con&nbsp;<strong>La Juli<\/strong>, para llegar a ella salimos a la izquierda de La Herrer\u00eda y cuando nos encontramos con Pozo Amarguillo otra vez a la izquierda, andamos unos metros y llegamos a una rotonda ah\u00ed tenemos que tomar a la derecha y a penas a unos metros nos encontramos una aut\u00e9ntica sorpresa que te atrapa sin darte cuenta. Si salimos del hotel, coger\u00edamos a la derecha y al llegar a la calle principal a la izquierda, caminamos hasta ver la rotonda y estemos atentos o la pasaremos de largo. Un bar sin letrero que pasa desapercibido en el n\u00famero 58 de la transitada&nbsp;calle Sebasti\u00e1n El Cano, el m\u00e1s antiguo de Sanl\u00facar, con m\u00e1s de 100 a\u00f1os a la espalda, lo regenta desde hace 40 la Juli, tiene 75 aunque nadie lo dir\u00eda, la mejor&nbsp;Gabriela&nbsp;(Manzanilla) y siempre alguien con quien terminar charlando mientras te metes en la boca un salado bacalao, alg\u00fan guiso, unas olivas Gordal, unos chochos o unas avellanas (aqu\u00ed llaman as\u00ed a los cacahuetes) de cortes\u00eda. Es un bar que hay que conocer y disfrutar.&nbsp;<\/p>\n\n\n\n<p>Uno de esos locales por los que pasaba muchas veces pero que no ten\u00eda claro que pudiese entrar, pensaba que era solo para socios, es&nbsp;<strong>El Rinc\u00f3n del Costalero<\/strong>,&nbsp;en la calle del mismo nombre, un min\u00fasculo establecimiento en el que Guillermo te atiende con sabidur\u00eda y una gran amabilidad, un sitio donde hay una buena Manzanilla y un ambiente lugare\u00f1o muy interesante donde siempre hay una buena conversaci\u00f3n.&nbsp;<\/p>\n\n\n\n<p>Frente a la puerta principal de la Iglesia Mayor y justo antes de llegar al Palacio de la Duquesita, en la&nbsp;calle Condes de Niebla, se encuentra el local de la&nbsp;<strong>Hermandad de la Vera Cruz<\/strong>, donde podr\u00e1s disfrutar de una buena Manzanilla. Adem\u00e1s, tienen unos montaditos abundantes y sabrosos a precios econ\u00f3micos, que suelen ser un buen tentempi\u00e9 para poder seguir disfrutando de la Manzanilla.<\/p>\n\n\n\n<p>Situados en la&nbsp;Puerta de Jerez, si cogemos la calle de la izquierda caminaremos hasta encontrarnos la oficina de Mapfre y all\u00ed giraremos hacia la&nbsp;calle Menacho. Caminamos hasta encontramos haciendo esquina con un peque\u00f1o bar de nombre&nbsp;<strong>Manol\u00edn<\/strong>, otro sitio para la barra y poco m\u00e1s, un vino con una tapa de cortes\u00eda, pero merece la pena la visita, Manol\u00edn es todo un personaje que no se olvida de una cara y siempre va a tener una buena palabra, una broma y sobre todo una sonrisa.<\/p>\n\n\n\n<p>En la calle Pozo Amarguillo por debajo de Los Aparceros est\u00e1&nbsp;<strong>El Reencuentro<\/strong>, un local donde alguna vez tomo unas tapas, suelen tener una buena relaci\u00f3n calidad precio, si tu idea es comer por el barrio alto es uno donde puedes hacerlo con, habitualmente, garant\u00edas de \u00e9xito.&nbsp;<\/p>\n\n\n\n<p>En la propia&nbsp;Plaza La Paz, nos encontramos dos locales m\u00e1s que visito de vez en cuando, el primer mas a menudo, el segundo cuando la ocasi\u00f3n lo permite.&nbsp;<strong>Taberna la O<\/strong>, un amplio establecimiento, de est\u00e9tica tradicional, con grandes arcos y barra a la antigua, donde es muy habitual encontrarse a grandes grupos cantando sevillanas y bailando, un sitio de encuentro, para poder disfrutar de una buena copa o de una cervecita, el ambiente siempre bueno y de los mismos propietarios que La Beli.&nbsp;El otro es la sede del&nbsp;<strong>Partido Comunista<\/strong>, enfrente de Antonio, es un sitio&nbsp;que habitualmente est\u00e1 lleno y que&nbsp;fr\u00ede magistralmente el pescado, un espacio donde sentarse a comer, pero que yo no suelo hacerlo porque prefiero tapear y all\u00ed de pescado no sirve.&nbsp;<\/p>\n\n\n\n<p><strong>Bar Puerta<\/strong>, una taberna de fluorescentes blancos, en la calle San Agust\u00edn, 52, donde poder disfrutar de una buena manzanilla, suele tener pescado seco y alguna otra cosa.<\/p>\n\n\n\n<figure class=\"wp-block-image size-large has-custom-border\"><img loading=\"lazy\" decoding=\"async\" width=\"768\" height=\"1024\" src=\"https:\/\/rtvgastro.es\/wp-content\/uploads\/2026\/03\/pescao-seco-puerta-1-768x1024.jpeg\" alt=\"Pescado seco el Bar Puerta en el Barrio Alto de Sanl\u00facar de Barrameda\" class=\"wp-image-1443\" style=\"border-top-left-radius:20px;border-top-right-radius:20px;border-bottom-left-radius:20px;border-bottom-right-radius:20px\" srcset=\"https:\/\/rtvgastro.es\/wp-content\/uploads\/2026\/03\/pescao-seco-puerta-1-768x1024.jpeg 768w, https:\/\/rtvgastro.es\/wp-content\/uploads\/2026\/03\/pescao-seco-puerta-1-225x300.jpeg 225w, https:\/\/rtvgastro.es\/wp-content\/uploads\/2026\/03\/pescao-seco-puerta-1-1152x1536.jpeg 1152w, https:\/\/rtvgastro.es\/wp-content\/uploads\/2026\/03\/pescao-seco-puerta-1-1536x2048.jpeg 1536w, https:\/\/rtvgastro.es\/wp-content\/uploads\/2026\/03\/pescao-seco-puerta-1-9x12.jpeg 9w, https:\/\/rtvgastro.es\/wp-content\/uploads\/2026\/03\/pescao-seco-puerta-1-scaled.jpeg 1920w\" sizes=\"auto, (max-width: 768px) 100vw, 768px\" \/><figcaption class=\"wp-element-caption\">Pescado Seco del Bar Puerta<\/figcaption><\/figure>\n\n\n\n<h4 class=\"wp-block-heading\"><strong>EL BARRIO MEDIO Y EL CENTRO<\/strong><\/h4>\n\n\n\n<p>Si salimos de la Juli hacia la izquierda bajamos por El Cano y seguimos por la calle Ganado siempre en la acera de la izquierda nos vamos a encontrar con la&nbsp;calle San Miguel, all\u00ed giraremos y seguiremos hasta encontrar&nbsp;<strong>El Penitente<\/strong>, lleno habitualmente, podremos en este establecimiento disfrutar de un vino acompa\u00f1ado de una buena tapa de cortes\u00eda.&nbsp;<\/p>\n\n\n\n<p>Seguimos saliendo a la derecha, caminamos atravesando la Plaza de la Salle y al finalizar la calle San Miguel giramos a la derecha y a 50 metros, llegamos a la&nbsp;calle de La Plata, all\u00ed justo en la esquina est\u00e1&nbsp;<strong>Mil Pesetas<\/strong>, es otro establecimiento con encanto, sencillo, frio y de poca conversaci\u00f3n, pero con una buena Manzanilla y toda la magia de los bares sanluque\u00f1os.&nbsp;Entre ambos nos encontraremos en la esquina del Pradillo, el <strong>Gordo Ram\u00edrez<\/strong>, buena paleta de Gabriel Casta\u00f1o, varias manzanillas y ahora con una terraza que cuando pega el solito en primavera o en invierno es una delicia<\/p>\n\n\n\n<p>Si decid\u00eds bajar por la Cuesta de Bel\u00e9n, como hac\u00eda yo siempre, hasta caer en las redes de la Juli<\/p>\n\n\n\n<p>Salimos de frente y atravesamos camino de la Plaza del Cabildo,&nbsp;advertencia esta zona est\u00e1 repleta de bares para turistas&nbsp;en los que siempre hay mucha gente, seguro que te har\u00e1s la pregunta de,&nbsp;\u00bfpor qu\u00e9 Serxu no me los recomienda?; pues hazte otra pregunta mejor, si Serxu, que conoce muy bien Sanl\u00facar, no nos lo recomienda por algo ser\u00e1 \u00bfno? Pues llegamos a la Plaza del Cabildo, bueno aqu\u00ed concretamente a la calle Ancha y nos encontramos en la esquina con &nbsp;<strong>Barbiana<\/strong>, nunca en la terraza, hace unos a\u00f1os que lo han reformado y ya no tiene las dos barras que ten\u00eda anta\u00f1o, han modernizado el espacio y ganado sitio para disfrutarlo, hay opiniones para todos los gustos, pero yo creo que a pesar de perder alguno de los encantos de tasca, han ganado, all\u00ed hacen las mejores&nbsp;papas ali\u00f1\u00e1s, las mejores sin duda, sabrosas, en su punto \u00e1cido y de aceite y con una melva de primera divisi\u00f3n. La ensaladilla de gambas a la que no s\u00e9 por qu\u00e9 raz\u00f3n le a\u00f1aden piment\u00f3n, yo siempre les pido que no lo hagan, el lomito de&nbsp;bellota de quitar el&nbsp;sent\u00edo y la paleta de bellota siempre buena. Aqu\u00ed disfruto tambi\u00e9n del chicharr\u00f3n de corte y si tu econom\u00eda lo permite, de unos langostinos de Sanl\u00facar de&nbsp;considerable tama\u00f1o, eso s\u00ed, a 95 \u2013 100 \u20ac\/kg. lo que significa unos 8 \u20ac por pieza como m\u00ednimo. Es un sitio tur\u00edstico, igual que el resto, pero no se pueden ir de Sanl\u00facar sin probar sus papas ali\u00f1\u00e1s.<\/p>\n\n\n\n<figure class=\"wp-block-image size-large has-custom-border\"><img loading=\"lazy\" decoding=\"async\" width=\"1024\" height=\"768\" src=\"https:\/\/rtvgastro.es\/wp-content\/uploads\/2026\/03\/papas-alinas-barbiana-1024x768.jpeg\" alt=\"Papas ali\u00f1as de Barbiana las mejores de Sanl\u00facar de Barrameda\" class=\"wp-image-1460\" style=\"border-top-left-radius:20px;border-top-right-radius:20px;border-bottom-left-radius:20px;border-bottom-right-radius:20px\" srcset=\"https:\/\/rtvgastro.es\/wp-content\/uploads\/2026\/03\/papas-alinas-barbiana-1024x768.jpeg 1024w, https:\/\/rtvgastro.es\/wp-content\/uploads\/2026\/03\/papas-alinas-barbiana-300x225.jpeg 300w, https:\/\/rtvgastro.es\/wp-content\/uploads\/2026\/03\/papas-alinas-barbiana-768x576.jpeg 768w, https:\/\/rtvgastro.es\/wp-content\/uploads\/2026\/03\/papas-alinas-barbiana-1536x1152.jpeg 1536w, https:\/\/rtvgastro.es\/wp-content\/uploads\/2026\/03\/papas-alinas-barbiana-2048x1536.jpeg 2048w, https:\/\/rtvgastro.es\/wp-content\/uploads\/2026\/03\/papas-alinas-barbiana-16x12.jpeg 16w\" sizes=\"auto, (max-width: 1024px) 100vw, 1024px\" \/><figcaption class=\"wp-element-caption\">Papas Ali\u00f1\u00e1s de Barbiana<\/figcaption><\/figure>\n\n\n\n<p>&nbsp;<strong>El Cabildo<\/strong>, un establecimiento decorado con los vinos de Arg\u00fceso, tiene unas buenas Tortillitas de Camar\u00f3n y un buen tapeo. Buena manzanilla siempre. <strong>La Gitana<\/strong>, una buena oferta de tapas y buena manzanilla, ambos establecimientos tienen una amplia terraza, pero yo huyo siempre de ellas, me gusta la barra, donde se vive el ambiente de otra manera . Saliendo de la plaza (ojo hay otro en la plaza, pero no es lo mismo), se encuentra en la calle&nbsp;capillita,&nbsp;<strong>La Bellotera<\/strong>, una tienda con unas mesas altas fuera y un par dentro, donde se come el mejor jam\u00f3n de bellota de todo Sanl\u00facar, cortado con maestr\u00eda a cuchillo, siempre perfecto, chicharr\u00f3n frito y unos quesos incre\u00edbles,&nbsp;acompa\u00f1ados de Manzanilla&nbsp;San Jos\u00e9 de Bodegas Bar\u00f3n, posiblemente la mejor marca que se puede tomar en el copeo habitual. Este no es un sitio econ\u00f3mico, pero si proporcionado a lo que ofrecen con una calidad extraordinaria en sus productos y un buen proveedor para recordar Sanl\u00facar en tu vuelta a casa, llev\u00e1ndose por ejemplo las conservas&nbsp;Senra, una selecci\u00f3n de guisos tradicionales de la gastronom\u00eda sanluque\u00f1a hechos como en casa, es una conserva que no lo parece con la que quedar bien seguro, un regalo que lleva dentro un poco de esta maravillosa tierra, siguen innovando, incorporando referencias y buscando colaboraciones. &nbsp;<\/p>\n\n\n\n<figure class=\"wp-block-image size-full has-custom-border\"><img decoding=\"async\" src=\"https:\/\/rtvgastro.es\/wp-content\/uploads\/2026\/03\/jamon-bellota-la-bellotera.jpeg\" alt=\"jam\u00f3n ib\u00e9rico de bellota en La Bellotera de Sanl\u00facar de Barrameda\" class=\"wp-image-1467\" style=\"border-top-left-radius:20px;border-top-right-radius:20px;border-bottom-left-radius:20px;border-bottom-right-radius:20px\"\/><figcaption class=\"wp-element-caption\">Jam\u00f3n y Manzanilla en La Bellotera<\/figcaption><\/figure>\n\n\n\n<p>Y hacia el otro lado, bordeando el famoso Balbino, caminamos un poco m\u00e1s y nos encontramos con la Plaza de La Victoria, en \u00e9l est\u00e1n dos establecimientos que merecen mucho la pena. El primero es <strong>L&#8217;Aspilla<\/strong>, un local de reciente creaci\u00f3n y participado por los propietarios de La Beli, asociados con todo un crack que os encontrareis por este medio de vez en cuando, Pepe, es un cocinero atrevido, valiente y que ha decidido romper con lo tradicional sin perder ni un poquito de distancia con el producto local, presumen de que la mayor parte de sus ingredientes provienen de la zona, son de proximidad y eso se nota con una oferta creativa, basada en el producto y conseguida para ofrecerte una manera diferente de comer en Sanl\u00facar de Barrameda. Tiene una buena oferta de vinos. Y justo enfrente nos encontramos con <strong>El Trasiego<\/strong>, Ismael &amp; family dirigen este establecimiento donde siempre aciertas, a mi personalmente me gusta m\u00e1s el interior que su gran terraza, pero hay pocas diferencias, ofrece una oferta variada en la que puedes encontrarte desde pescaito frito al modo tradicional a otra selecci\u00f3n de platos que rompen con la oferta m\u00e1s habitual, tienen tambi\u00e9n una buena oferta de vinos.<\/p>\n\n\n\n<figure class=\"wp-block-image size-full has-custom-border\"><img loading=\"lazy\" decoding=\"async\" width=\"1200\" height=\"1600\" src=\"https:\/\/rtvgastro.es\/wp-content\/uploads\/2026\/03\/Calabaza-L\u00b4Aspilla-Sanlucar.jpeg\" alt=\"Plato de Calabaza en L'Aspilla de Sanl\u00facar de Barrameda\" class=\"wp-image-1475\" style=\"border-top-left-radius:20px;border-top-right-radius:20px;border-bottom-left-radius:20px;border-bottom-right-radius:20px\"\/><figcaption class=\"wp-element-caption\">Plato de calabaza en L&#8217;Aspilla<\/figcaption><\/figure>\n\n\n\n<p>Aqu\u00ed os dejo algunas propuestas m\u00e1s por si no quer\u00e9is moveros de la zona. Siempre a tope y con una amplia terraza <strong>Mart\u00ednez<\/strong>, un sitio moderno, con una atractiva propuesta, una buena manzanilla, vinos, Estrella de Galicia de Bodega, cocteler\u00eda y copas con una oferta gastron\u00f3mica que va desde unas tradicionales patatas alioli o una ensaladilla, a nachos o hamburguesas tipo smash poco o nada tiene que ver con el resto y permite un picoteo diferente. Es un sitio para dejar para el final, ya que podemos seguir con manzanilla o pasarnos al siguiente nivel.&nbsp;En la plaza detr\u00e1s de la biblioteca saliendo de Barbiana a la izquierda \u2013 Plaza San Roque \u2013 est\u00e1 <strong>Juanito<\/strong>, suele haber un buen queso y es una taberna peque\u00f1a donde tomarse un vino. En la calle San Juan, 6 est\u00e1 <strong>Dealbariza<\/strong> una tienda gourmet donde se puede tomar un vino.<\/p>\n\n\n\n<p>Nos salimos del bullicio y nos acercamos a la&nbsp;calle Bolsa esquina con Mar, all\u00ed est\u00e1&nbsp;<strong>Pedro&nbsp;Hern\u00e1ndez<\/strong>, un bar estanco, que mantiene el atractivo de lo antiguo, el precio del vino del barrio alto, unos buenos quesos y chacinas y algunas otras tapas. Tiene varios tipos de Manzanilla para poder elegir. Merece la pena la visita por lo bonito que es y para tomar algo est\u00e1 bien.&nbsp;<\/p>\n\n\n\n<figure class=\"wp-block-image size-large has-custom-border\"><img loading=\"lazy\" decoding=\"async\" width=\"1024\" height=\"768\" src=\"https:\/\/rtvgastro.es\/wp-content\/uploads\/2026\/03\/pedro-hernandez-1024x768.jpeg\" alt=\"Imagen de Pedro Hernandez de Sanl\u00facar de Barrameda antes de la reforma de la pandemia del Covid19\" class=\"wp-image-1517\" style=\"border-top-left-radius:20px;border-top-right-radius:20px;border-bottom-left-radius:20px;border-bottom-right-radius:20px\" srcset=\"https:\/\/rtvgastro.es\/wp-content\/uploads\/2026\/03\/pedro-hernandez-1024x768.jpeg 1024w, https:\/\/rtvgastro.es\/wp-content\/uploads\/2026\/03\/pedro-hernandez-300x225.jpeg 300w, https:\/\/rtvgastro.es\/wp-content\/uploads\/2026\/03\/pedro-hernandez-768x576.jpeg 768w, https:\/\/rtvgastro.es\/wp-content\/uploads\/2026\/03\/pedro-hernandez-1536x1152.jpeg 1536w, https:\/\/rtvgastro.es\/wp-content\/uploads\/2026\/03\/pedro-hernandez-2048x1536.jpeg 2048w, https:\/\/rtvgastro.es\/wp-content\/uploads\/2026\/03\/pedro-hernandez-16x12.jpeg 16w\" sizes=\"auto, (max-width: 1024px) 100vw, 1024px\" \/><figcaption class=\"wp-element-caption\">Pedro Hern\u00e1ndez antes de la reforma de la pandemia del Covid19<\/figcaption><\/figure>\n\n\n\n<p>En la propia calle Mar hay otros 2 establecimiento que merecen nuestra visita. Casi enfrente de Pedro Hernandez est\u00e1&nbsp;<strong>La Ni\u00f1a de Koke<\/strong>, grande, bullicioso, con opci\u00f3n de tapeo, una oferta en la que se puede parar.<\/p>\n\n\n\n<p>Ya de vuelta y antes de regresar a Los Helechos, hay dos paradas interesantes y una tercera cuando se llega a ella. en el Carril de San Diego, 18 est\u00e1 <strong>La Queser\u00eda de Marconi<\/strong>, un establecimiento en el que poder comprar o disfrutar in situ de una buena oferta de quesos y de vermouth. Muy cerquita de all\u00ed en la calle Santa Ana, un callej\u00f3n que termina en la calle Ancha, est\u00e1&nbsp;<strong>La Taurina<\/strong>, un vetusto establecimiento que tiene al frente de la barra a Santi. Tomarse una Manzanilla y caer en la tentaci\u00f3n de sus papas alioli, la carne a la cerveza negra con setas, el queso curado si os gustan los sabores de&nbsp;car\u00e1cter no se puede perdonar, el bacalao&#8230; la realidad es que se guisa fant\u00e1sticamente.&nbsp;<\/p>\n\n\n\n<figure class=\"wp-block-image size-full has-custom-border\"><img decoding=\"async\" src=\"https:\/\/rtvgastro.es\/wp-content\/uploads\/2026\/03\/queso-la-taurina.jpeg\" alt=\"El queso viejo de la Taurina en Sanl\u00facar de Barrameda\" class=\"wp-image-1486\" style=\"border-top-left-radius:20px;border-top-right-radius:20px;border-bottom-left-radius:20px;border-bottom-right-radius:20px\"\/><figcaption class=\"wp-element-caption\">Queso Viejo de La Taurina<\/figcaption><\/figure>\n\n\n\n<p>El punto final, si el cuerpo lo permite, lo podemos poner en la&nbsp;<strong>Bodega La Cigarrera<\/strong>, una espectacular bodega, llena de botas, donde en su patio se puede disfrutar alguna vez de cena con flamenco en directo, pero donde siempre se goza de su incre\u00edble Pedro Ximenez; esta bodega est\u00e1 muy cerca del mercado por una de sus entradas, ofreciendo la posibilidad de comprar en \u00e9l y por 4 o 5 \u20ac te lo preparan. Es una oportunidad para poder probar el langostino de Sanl\u00facar si tu bolsillo no te permite pagar el precio de los bares, pero tambi\u00e9n de disfrutar cualquier pescado o carne.<\/p>\n\n\n\n<h4 class=\"wp-block-heading\"><strong>EL BARRIO, EL PINO Y BAJO DE GU\u00cdA<\/strong><\/h4>\n\n\n\n<p>Seguramente cualquiera que haya le\u00eddo algo sobre Sanl\u00facar alguna vez, estar\u00e1 diciendo, \u201ceste hombre no conoce la ciudad\u201d, no cit\u00f3&nbsp;Bajo Gu\u00eda. Pues si claro que la voy a citar, como un sitio muy bonito para visitar, de paseo o por la playa, nunca os sent\u00e9is en una terraza o preparar la cartera, pero bien preparada, mi m\u00e1xima recomendaci\u00f3n es la barra del&nbsp;<strong>Poma<\/strong>. No obstante, si no ten\u00e9is problemas econ\u00f3micos, la materia prima que all\u00ed se mueve es de primera, hay sitios de mucho renombre como <strong>Casa Bigote<\/strong>, donde seguro disfrutar\u00e9is de productos de gran calidad y magn\u00edficamente preparados, lo que ocurre es que a m\u00ed personalmente, lo que me gusta de Sanl\u00facar de Barrameda es otra cosa, son sus gentes, sus bares, sus tapas, una forma mucho m\u00e1s rica y econ\u00f3mica de conocer la esencia de esta tierra.&nbsp;Aqu\u00ed tambi\u00e9n tenemos <strong>Avante Claro<\/strong> otro establecimiento de buena cocina, con calidad y que, seguro que disfrutareis, adem\u00e1s tiene Estrella de Galicia de Bodega que siempre te va a sentar bien, han abierto recientemente otro establecimiento en el Centro, en la Calle Victoria.<\/p>\n\n\n\n<figure class=\"wp-block-image size-full has-custom-border\"><img loading=\"lazy\" decoding=\"async\" width=\"1600\" height=\"1200\" src=\"https:\/\/rtvgastro.es\/wp-content\/uploads\/2026\/03\/avante-claro-morcilla-de-atun.jpg\" alt=\"Morcilla de At\u00fan de Avante Claro en Bajo Gu\u00eda de Sanl\u00facar de Barrameda\" class=\"wp-image-1502\" style=\"border-top-left-radius:20px;border-top-right-radius:20px;border-bottom-left-radius:20px;border-bottom-right-radius:20px\"\/><figcaption class=\"wp-element-caption\">Morcilla de At\u00fan de Avante Claro<\/figcaption><\/figure>\n\n\n\n<p>Pero perdi\u00e9ndose caminando un rato por detr\u00e1s de Bajo Gu\u00eda, est\u00e1 el Barrio, una zona con bodegas y bares humildes pero muy interesantes, en el&nbsp;Callej\u00f3n de Gu\u00eda 22, nos encontramos con la mejor freidur\u00eda que conozco, donde a diario hay pescado fresco que se fr\u00ede de la mejor manera posible y con el mejor aceite, la&nbsp;<strong>Pe\u00f1a B\u00e9tica Er Carlos<\/strong>, quiz\u00e1s no hay que mirar mucho para las paredes con algunas fotograf\u00edas que pueden herir la sensibilidad pol\u00edtica o futbolera, pero a m\u00ed eso me da igual, yo all\u00ed voy a comer pescao y tomate y esto lo hacen como nadie. Er Carlos es otro de esos establecimientos que no tiene ni letrero, al que hay que ir sabiendo y preguntar que pescao hay hoy, calamares fritos, aced\u00edas, tapaculos, boquerones, salmonetes y gambas cocidas, de tu gusto depende, cualquiera de ellos estar\u00e1 perfecto. Adem\u00e1s, tienen un buen tomate para ali\u00f1ar que siempre merece la pena pedir. Por supuesto acompa\u00f1ado todo de una rica Manzanilla.&nbsp;<\/p>\n\n\n\n<figure class=\"wp-block-image size-large has-custom-border\"><img loading=\"lazy\" decoding=\"async\" width=\"1024\" height=\"763\" src=\"https:\/\/rtvgastro.es\/wp-content\/uploads\/2026\/03\/elcarlossanlucar2-1024x763.jpeg\" alt=\"Pescaito frito en La Pe\u00f1a B\u00e9tica Er Carlos en el Barrio de Sanl\u00facar de Barrameda\" class=\"wp-image-1508\" style=\"border-top-left-radius:20px;border-top-right-radius:20px;border-bottom-left-radius:20px;border-bottom-right-radius:20px\" srcset=\"https:\/\/rtvgastro.es\/wp-content\/uploads\/2026\/03\/elcarlossanlucar2-1024x763.jpeg 1024w, https:\/\/rtvgastro.es\/wp-content\/uploads\/2026\/03\/elcarlossanlucar2-300x223.jpeg 300w, https:\/\/rtvgastro.es\/wp-content\/uploads\/2026\/03\/elcarlossanlucar2-768x572.jpeg 768w, https:\/\/rtvgastro.es\/wp-content\/uploads\/2026\/03\/elcarlossanlucar2-16x12.jpeg 16w, https:\/\/rtvgastro.es\/wp-content\/uploads\/2026\/03\/elcarlossanlucar2.jpeg 1125w\" sizes=\"auto, (max-width: 1024px) 100vw, 1024px\" \/><figcaption class=\"wp-element-caption\">Pecaito frito en la Pe\u00f1a B\u00e9tica Er Carlos<\/figcaption><\/figure>\n\n\n\n<p>En esa misma calle tenemos&nbsp;<strong>El Pili<\/strong>&nbsp;en el n\u00famero 16, un establecimiento con encanto, en el que tomar una buena Manzanilla de la&nbsp;E&nbsp;y siempre acompa\u00f1ada de una rica tapa, el domingo suele hacer ajo campero. Justo al lado est\u00e1&nbsp;<strong>La Chucha<\/strong>, otro de esos&nbsp;sitios&nbsp;para no asustarse, pero donde poder tomar una Manzanilla simplemente o picar algo.&nbsp;<\/p>\n\n\n\n<p>All\u00ed cerca en la&nbsp;calle Rubi\u00f1os&nbsp;est\u00e1&nbsp;<strong>Hermanos Chach\u00f3n<\/strong>, otra tasca, modernizada, con comedor y donde disfrutamos de alg\u00fan vino, no he probado a comer, pero si es de los de hacer ruta, cuando est\u00e1s por el Barrio y en la esquina con&nbsp;San Salvador&nbsp;hay que parar en&nbsp;<strong>La Taberna der Guerrita<\/strong>, su Manzanilla es de calidad, con varias a elegir, pero lo interesante de este establecimiento es su carta de vinos y su sala de catas en la que se organizan saraos enol\u00f3gicos muy interesantes y a los que hay que estar atentos, por supuesto hay una buena oferta gastron\u00f3mica.&nbsp;<\/p>\n\n\n\n<p>En esta zona hay muchos m\u00e1s establecimientos, por ejemplo, en la&nbsp;calle Pirrao&nbsp;esta&nbsp;<strong>Hermanos Boja<\/strong>, un local de barrio, a la antigua y en la que podr\u00e1s disfrutar de buena Manzanilla, siempre acompa\u00f1ada de una generosa tapa, en esta misma calle esquina con Sargenta, nos encontramos con el famoso&nbsp;<strong>Colorao<\/strong>, un sitio donde disfrutar de abundante pescado a precios razonables, pero que para &nbsp;m\u00ed no tiene el encanto de otros establecimientos.&nbsp;<\/p>\n\n\n\n<p>En la propia calle Pirrao y rompiendo con todo est\u00e1 <strong>LXS Astronautas<\/strong>, un establecimiento en el que puedes disfrutar de una variada oferta gastron\u00f3mica, atractiva, con un ambiente joven, desenfadado, a mi me recuerda mucho al ambiente que se respira en Malasa\u00f1a. En definitiva un sitio para visitas y disfrutar. En la calle Trasbolsa, 84 nos encontramos con la <strong>Taberna despacho Gabriela<\/strong>, de una de las mejores manzanillas para el copeo de Sanl\u00facar.<\/p>\n\n\n\n<p>En&nbsp;El Pino, a pocos metros del Barrio y cruzando la transitada calle Barrameda, en la&nbsp;Escalera del Paseillo esquina con San Diego de Alcal\u00e1, uno de esos locales locos, que hay que descubrir, a a mi me encanta, pero hay que ir con ciertos cuidados y advertencias, el Palomito, hijo del famoso polic\u00eda local de la \u00e9poca el Palomo, es un personaje muy peculiar, gigante, de voz potente y car\u00e1cter divertido pero marcado, manda en su casa y hay que entenderlo para comprenderlo. Hablo de la&nbsp;<strong>Pe\u00f1a El Cincho<\/strong>&nbsp;<em>(elemento de correas tradicional para llevar los pasos de Semana Santa, \u00fanico de Sanl\u00facar de Barrameda y que hoy en d\u00eda solo utiliza una hermandad)<\/em>, en este establecimiento habitualmente con cada consumici\u00f3n suele poner abundantes tapas, pero si quieres disfrutar su cocina, d\u00e9jate llevar, si tiene caz\u00f3n fresco, no puedes dejar de probarlo. Eso s\u00ed, este es un sitio para ir a comer si pides platos, porque es abundante y seguro que no te olvidar\u00e1s del sitio, o te vas asustado o enamorado, no suele haber t\u00e9rmino medio.<\/p>\n\n\n\n<h4 class=\"wp-block-heading\"><strong>BONANZA<\/strong><\/h4>\n\n\n\n<p>No se\u00f1ores, no tiene nada que ver con aquella antigua serie de la televisi\u00f3n, es la zona m\u00e1s cercana al puerto, donde est\u00e1 la bodega m\u00e1s cercana al rio Guadalquivir, concretamente en su orilla y que luego hablaremos de ella. Perderse por los bares de aqu\u00ed es mezclarse con el tipismo m\u00e1s marinero y aut\u00e9ntico. Si buscas pijer\u00edo aqu\u00ed est\u00e1s perdido, pero si buscas la humildad y la cercan\u00eda de la gente, es otro de esos sitios m\u00e1gicos en los que estar. Aqu\u00ed vamos a encontrarnos propuestas que descubr\u00ed gracias a mi buen amigo Fran Senra de Conservas Senra, como el <strong>Bar Er Migu\u00e9<\/strong> un peculiar sitio en el que disfrutar de un buen pescado frito de cortes\u00eda reci\u00e9n tra\u00eddo de la mar y una manzanilla de la E, el <strong>Bar Morales<\/strong> y <strong>La Campana<\/strong> una vez all\u00ed preg\u00fantele a cualquiera, est\u00e1n todos cerca de la lonja y del puerto y todos los lugare\u00f1os los conocen.<\/p>\n\n\n\n<h4 class=\"wp-block-heading\"><strong>RESTAURANTES<\/strong><\/h4>\n\n\n\n<p>Vamos a empezar por el que considero el mas creativo de la ciudad, se trata de&nbsp;<strong>El Espejo<\/strong>, en la&nbsp;calle Caballeros, 13&nbsp;en el lateral del Ayuntamiento, el local est\u00e1 lleno de encantos, su decoraci\u00f3n casi viene dada ya por el propio edificio, pero se han cuidado los detalles y pretende ser un sitio gourmet de nivel buscando acariciar la so\u00f1ada estrella&nbsp;Michelin. Con platos bien elaborados, creativos y llenos, habitualmente, de atractivos, su servicio es en ocasiones mejorable y su carta de vinos acorde al establecimiento, los precios son adecuados a la calidad del producto que estamos disfrutando.&nbsp;<\/p>\n\n\n\n<figure class=\"wp-block-image size-full has-custom-border\"><img loading=\"lazy\" decoding=\"async\" width=\"1242\" height=\"962\" src=\"https:\/\/rtvgastro.es\/wp-content\/uploads\/2026\/03\/Sanlucar-verduras-de-navazo-el-espejo.jpg\" alt=\"Verduritas de Navazo de Sanl\u00facar de Barrameda en El Espejo\" class=\"wp-image-1531\" style=\"border-top-left-radius:20px;border-top-right-radius:20px;border-bottom-left-radius:20px;border-bottom-right-radius:20px\"\/><figcaption class=\"wp-element-caption\">Verduritas de Navazo de Sanl\u00facar de Barrameda en El Espejo<\/figcaption><\/figure>\n\n\n\n<p>Continuamos nuestro camino y tenemos una visita muy interesante,&nbsp;<strong>Do\u00f1a Calma<\/strong>,&nbsp;calle Director Juli\u00e1n Cerd\u00e1n, 8. Seguramente el local menos atractivo en cuanto a su decoraci\u00f3n y dem\u00e1s, es decir que no busques la elegancia este es mas informal, ruidoso, a pie de playa y con un servicio informal, desenfadado, pero tengo que decir que es el sitio donde mejor he comido de los que aqu\u00ed recomiendo, imprescindible disfrutar de su at\u00fan, en cualquiera de las modalidades y formas, tiene una carta atractiva y una selecci\u00f3n de vinos adecuada.&nbsp;<\/p>\n\n\n\n<figure class=\"wp-block-image size-large has-custom-border\"><img loading=\"lazy\" decoding=\"async\" width=\"1024\" height=\"768\" src=\"https:\/\/rtvgastro.es\/wp-content\/uploads\/2026\/03\/tacos-atun-rojo-dona-calma-1024x768.jpg\" alt=\"Tacos de at\u00fan rojo en el gastrobar Do\u00f1a Calma en Sanl\u00facar de Barrameda\" class=\"wp-image-1536\" style=\"border-top-left-radius:20px;border-top-right-radius:20px;border-bottom-left-radius:20px;border-bottom-right-radius:20px\" srcset=\"https:\/\/rtvgastro.es\/wp-content\/uploads\/2026\/03\/tacos-atun-rojo-dona-calma-1024x768.jpg 1024w, https:\/\/rtvgastro.es\/wp-content\/uploads\/2026\/03\/tacos-atun-rojo-dona-calma-300x225.jpg 300w, https:\/\/rtvgastro.es\/wp-content\/uploads\/2026\/03\/tacos-atun-rojo-dona-calma-768x576.jpg 768w, https:\/\/rtvgastro.es\/wp-content\/uploads\/2026\/03\/tacos-atun-rojo-dona-calma-1536x1152.jpg 1536w, https:\/\/rtvgastro.es\/wp-content\/uploads\/2026\/03\/tacos-atun-rojo-dona-calma-16x12.jpg 16w, https:\/\/rtvgastro.es\/wp-content\/uploads\/2026\/03\/tacos-atun-rojo-dona-calma.jpg 2048w\" sizes=\"auto, (max-width: 1024px) 100vw, 1024px\" \/><figcaption class=\"wp-element-caption\">Tacos de At\u00fan Rojo en Do\u00f1a Calma<\/figcaption><\/figure>\n\n\n\n<p><strong>Entrebotas<\/strong>, es el&nbsp;restaurante de la Bodega La Gitana se entra por su lateral por la&nbsp;calle Banda Playa, tiene una zona de copas perfecta para disfrutarla en verano y el restaurante se divide en dos espacios uno interior y otro exterior, ambos de decoraci\u00f3n cuidada y con mobiliario moderno y c\u00f3modo. Tiene una amplia carta en la que podr\u00e1s disfrutar de diferentes elaboraciones en frio y caliente, con una selecci\u00f3n de pescados y carnes y una buena oferta y arroces y fideos elaborados al modo de levante, en paella grande y todos los granos tocando el fondo. Altibajos en sus elaboraciones, pero en general bien, para m\u00ed es mejor disfrutarlo fuera de su \u00e9poca mas fuerte ya que al estar en una zona muy tur\u00edstica puedes encontrarte con grupos, con ni\u00f1os y romper el encanto del establecimiento. La carta de vinos, aunque l\u00f3gicamente est\u00e1 protagonizada por os propios de la bodega, tiene mas opciones de Sanl\u00facar y una buena oferta que incluye tintos, blancos y varios Champagne.&nbsp;<\/p>\n\n\n\n<p><strong>Poma<\/strong> en&nbsp;Bajo de Gu\u00eda, uno de los cl\u00e1sicos y que ya recomendamos su barra un poco m\u00e1s arriba, es un establecimiento de corte tradicional, en el que se guisa bien y sus elaboraciones son cl\u00e1sicas, tradicionales y sin grandes pretensiones gourmet, comer en la mesa de la ventana del comedor de arriba te garantiza unas vistas fant\u00e1sticas del Guadalquivir y de Do\u00f1ana, aunque solo hay una mesa as\u00ed. Pero hay un plato que s\u00ed que quiero destacar su plato de gambas blancas crudas en aceite de oliva virgen extra una aut\u00e9ntica delicia.&nbsp;<\/p>\n\n\n\n<figure class=\"wp-block-image size-large has-custom-border\"><img loading=\"lazy\" decoding=\"async\" width=\"1024\" height=\"768\" src=\"https:\/\/rtvgastro.es\/wp-content\/uploads\/2026\/03\/gambas-crudas-poma-1024x768.jpeg\" alt=\"Gambas crudas en AOVE en el Poma de Sanl\u00facar de Barrameda\" class=\"wp-image-1544\" style=\"border-top-left-radius:20px;border-top-right-radius:20px;border-bottom-left-radius:20px;border-bottom-right-radius:20px\" srcset=\"https:\/\/rtvgastro.es\/wp-content\/uploads\/2026\/03\/gambas-crudas-poma-1024x768.jpeg 1024w, https:\/\/rtvgastro.es\/wp-content\/uploads\/2026\/03\/gambas-crudas-poma-300x225.jpeg 300w, https:\/\/rtvgastro.es\/wp-content\/uploads\/2026\/03\/gambas-crudas-poma-768x576.jpeg 768w, https:\/\/rtvgastro.es\/wp-content\/uploads\/2026\/03\/gambas-crudas-poma-1536x1152.jpeg 1536w, https:\/\/rtvgastro.es\/wp-content\/uploads\/2026\/03\/gambas-crudas-poma-2048x1536.jpeg 2048w, https:\/\/rtvgastro.es\/wp-content\/uploads\/2026\/03\/gambas-crudas-poma-16x12.jpeg 16w\" sizes=\"auto, (max-width: 1024px) 100vw, 1024px\" \/><figcaption class=\"wp-element-caption\">Gambas crudas en AOVE en el Poma<\/figcaption><\/figure>\n\n\n\n<p><strong>Casa Bigote<\/strong> en&nbsp;Bajo de Gu\u00eda, posiblemente junto a Casa Balbino, es el establecimiento m\u00e1s conocido de Sanl\u00facar y como dec\u00eda m\u00e1s arriba si tu bolsillo te lo permite, aqu\u00ed te dar\u00e1s un buen homenaje, disfrutar\u00e1s de buen pescado y de unos excelentes langostinos. Tiene una carta muy amplia y bien elaborada. Si quieres algo m\u00e1s informal, hay otra opci\u00f3n all\u00ed mismo que es la Taberna, en ella te encontrar\u00e1s algunas de sus afamadas recetas.<\/p>\n\n\n\n<p><strong>Puerta Victoria<\/strong>&nbsp;en la&nbsp;calle de la Victoria, 7. Otro establecimiento en la zona del l\u00edo, en pleno bullicio, junto a la Plaza del Cabildo y donde comer en verano resulta complicado, pero este establecimiento se sale de la norma de la zona y se atreve con algunas propuestas interesantes, los platos est\u00e1n bien elaborados y la relaci\u00f3n calidad precio es correcta, a m\u00ed ya sab\u00e9is que me gustan poco las terrazas y prefiero el interior, pero vosotros mismos. No esper\u00e9is grandes cosas, pero s\u00ed pod\u00e9is disfrutar de alguna ensalada divertida, de un poco de at\u00fan y alg\u00fan postre con encanto. Su carta de vinos bien.<\/p>\n\n\n\n<p><strong>La Lobera<\/strong> en&nbsp;la Avenida del Cerro Fal\u00f3n, 32, una atractiva oferta de platos en la que no se puede dejar de probar el at\u00fan rojo, un sitio informal, pero con algunas propuestas sofisticadas. Merece la pena si quieres disfrutar de una gastronom\u00eda interesante a precios razonables.<\/p>\n\n\n\n<figure class=\"wp-block-image size-full has-custom-border\"><img loading=\"lazy\" decoding=\"async\" width=\"768\" height=\"1024\" src=\"https:\/\/rtvgastro.es\/wp-content\/uploads\/2026\/03\/atun-rojo-la-lobera.jpg\" alt=\"At\u00fan Rojo en La Lobera en Sanl\u00facar de Barrameda\" class=\"wp-image-1551\" style=\"border-top-left-radius:20px;border-top-right-radius:20px;border-bottom-left-radius:20px;border-bottom-right-radius:20px\" srcset=\"https:\/\/rtvgastro.es\/wp-content\/uploads\/2026\/03\/atun-rojo-la-lobera.jpg 768w, https:\/\/rtvgastro.es\/wp-content\/uploads\/2026\/03\/atun-rojo-la-lobera-225x300.jpg 225w, https:\/\/rtvgastro.es\/wp-content\/uploads\/2026\/03\/atun-rojo-la-lobera-9x12.jpg 9w\" sizes=\"auto, (max-width: 768px) 100vw, 768px\" \/><figcaption class=\"wp-element-caption\">At\u00fan Rojo en La Lobera<\/figcaption><\/figure>\n\n\n\n<p><strong>Bota Punta Taberna<\/strong> en&nbsp;la Calle Banda Playa, 7 muy cerca de la Plaza del Cabildo, una propuesta interesante, con una peque\u00f1a selecci\u00f3n de vinos y una oferta gastron\u00f3mica en una carta que denominan \u00abCanalla\u00bb con influencia de varias cocinas, oriental, sanluque\u00f1a, mediterr\u00e1nea. Un sitio que rompe con lo tradicional y que ofrece una opci\u00f3n al menos para probar y juzgar.<\/p>\n\n\n\n<p><strong>VER EL ATARDECER<\/strong><\/p>\n\n\n\n<p>No te puedes ir de Sanl\u00facar de Barrameda sin ver uno de sus atardeceres y para m\u00ed hay tres sitios que son ideales. <strong>Chiringuito La Orilla<\/strong>, es el m\u00e1s cercano a Bajo de Gu\u00eda, tomarte una cerveza o un Gin &amp; Tonic, es una opci\u00f3n atractiva para ver meterse el sol en el agua. Un poco m\u00e1s adelante dejando a espaldas Bajo Gu\u00eda, est\u00e1 el mas moderno <strong>Inesperado<\/strong>, donde puedes elegir la opci\u00f3n interior acristalada o exterior, depende de c\u00f3mo est\u00e9 el tiempo, en ambos adem\u00e1s de tomarte una copa, puedes comer o cenar. Y el m\u00e1s bullicioso de todos, la\u00a0<strong>Cafeter\u00eda del Hotel Guadalquivir<\/strong>, en su \u00faltima planta al m\u00f3dico precio de un caf\u00e9 2,5 &#8211; 3 \u20ac tendr\u00e9is unas vistas espectaculares de todo Sanl\u00facar con una terraza al este y otra al oeste, pero sobre todo si\u00a0ten\u00e9is\u00a0suerte de poder pillar sitio y ver el atardecer, es emocionante, suelen acompa\u00f1arlo de m\u00fasica tipo Juego de Tronos, en fin un espect\u00e1culo que merece la pena vivir.<\/p>\n\n\n\n<figure class=\"wp-block-image size-large has-custom-border\"><img loading=\"lazy\" decoding=\"async\" width=\"1024\" height=\"768\" src=\"https:\/\/rtvgastro.es\/wp-content\/uploads\/2026\/03\/atardecer-desde-el-chiringuito-la-orilla-1024x768.jpeg\" alt=\"atardecer desde el chiringuito La Orilla al principio de la playa junto a Bajo Gu\u00eda en Sanl\u00facar de Barrameda\" class=\"wp-image-1563\" style=\"border-top-left-radius:20px;border-top-right-radius:20px;border-bottom-left-radius:20px;border-bottom-right-radius:20px\" srcset=\"https:\/\/rtvgastro.es\/wp-content\/uploads\/2026\/03\/atardecer-desde-el-chiringuito-la-orilla-1024x768.jpeg 1024w, https:\/\/rtvgastro.es\/wp-content\/uploads\/2026\/03\/atardecer-desde-el-chiringuito-la-orilla-300x225.jpeg 300w, https:\/\/rtvgastro.es\/wp-content\/uploads\/2026\/03\/atardecer-desde-el-chiringuito-la-orilla-768x576.jpeg 768w, https:\/\/rtvgastro.es\/wp-content\/uploads\/2026\/03\/atardecer-desde-el-chiringuito-la-orilla-1536x1152.jpeg 1536w, https:\/\/rtvgastro.es\/wp-content\/uploads\/2026\/03\/atardecer-desde-el-chiringuito-la-orilla-16x12.jpeg 16w, https:\/\/rtvgastro.es\/wp-content\/uploads\/2026\/03\/atardecer-desde-el-chiringuito-la-orilla.jpeg 1600w\" sizes=\"auto, (max-width: 1024px) 100vw, 1024px\" \/><figcaption class=\"wp-element-caption\">Atardecer desde el Chiringuito La Orilla<\/figcaption><\/figure>\n\n\n\n<p><strong>SITIOS QUE VISITAR<\/strong><\/p>\n\n\n\n<p>Justo al lado del Mercado de Abastos, en Las Cobachas han abierto el\u00a0<strong>CIMA<\/strong>\u00a0(Centro de Interpretaci\u00f3n de la Manzanilla), donde podr\u00e1s conocer la historia y forma de elaboraci\u00f3n de este vino \u00fanico. Desde Bajo de Gu\u00eda salen las excursiones a\u00a0Do\u00f1ana, pod\u00e9is informaros en la\u00a0F\u00e1brica de Hielo. <\/p>\n\n\n\n<figure class=\"wp-block-image size-large has-custom-border\"><img loading=\"lazy\" decoding=\"async\" width=\"768\" height=\"1024\" src=\"https:\/\/rtvgastro.es\/wp-content\/uploads\/2026\/03\/cima-las-covachas_6600-768x1024.jpeg\" alt=\" CIMA (Centro de interpretaci\u00f3n de la Manzanilla de Sanl\u00facar de Barrameda) en Las Covachas\" class=\"wp-image-1575\" style=\"border-top-left-radius:20px;border-top-right-radius:20px;border-bottom-left-radius:20px;border-bottom-right-radius:20px\" srcset=\"https:\/\/rtvgastro.es\/wp-content\/uploads\/2026\/03\/cima-las-covachas_6600-768x1024.jpeg 768w, https:\/\/rtvgastro.es\/wp-content\/uploads\/2026\/03\/cima-las-covachas_6600-225x300.jpeg 225w, https:\/\/rtvgastro.es\/wp-content\/uploads\/2026\/03\/cima-las-covachas_6600-1152x1536.jpeg 1152w, https:\/\/rtvgastro.es\/wp-content\/uploads\/2026\/03\/cima-las-covachas_6600-1536x2048.jpeg 1536w, https:\/\/rtvgastro.es\/wp-content\/uploads\/2026\/03\/cima-las-covachas_6600-9x12.jpeg 9w, https:\/\/rtvgastro.es\/wp-content\/uploads\/2026\/03\/cima-las-covachas_6600-scaled.jpeg 1920w\" sizes=\"auto, (max-width: 768px) 100vw, 768px\" \/><figcaption class=\"wp-element-caption\">El CIMA en Las Cobachas<\/figcaption><\/figure>\n\n\n\n<p>A 5 minutos de Bajo Gu\u00eda ten\u00e9is la\u00a0Playa de Las Piletas, que empalma con la de la Jara y continua hasta Chipiona, tambi\u00e9n hay playa en la zona de Bajo de Gu\u00eda y sigue hacia el\u00a0<strong>Baluarte de San Salvador<\/strong>, es otra visita interesante la de esta fortaleza, aunque desgraciadamente se\u00a0encuentra en bastante mal estado. Para llegar a ella ten\u00e9is que dirigiros hacia\u00a0Bonanza\u00a0y entrar por la\u00a0calle San Salvador.<\/p>\n\n\n\n<figure class=\"wp-block-image size-large has-custom-border\"><img loading=\"lazy\" decoding=\"async\" width=\"1024\" height=\"768\" src=\"https:\/\/rtvgastro.es\/wp-content\/uploads\/2026\/03\/baluarte-foto-bonita-1024x768.jpeg\" alt=\"Baluarte de San Salvador en Sanl\u00facar de Barrameda\" class=\"wp-image-1585\" style=\"border-top-left-radius:20px;border-top-right-radius:20px;border-bottom-left-radius:20px;border-bottom-right-radius:20px\" srcset=\"https:\/\/rtvgastro.es\/wp-content\/uploads\/2026\/03\/baluarte-foto-bonita-1024x768.jpeg 1024w, https:\/\/rtvgastro.es\/wp-content\/uploads\/2026\/03\/baluarte-foto-bonita-300x225.jpeg 300w, https:\/\/rtvgastro.es\/wp-content\/uploads\/2026\/03\/baluarte-foto-bonita-768x576.jpeg 768w, https:\/\/rtvgastro.es\/wp-content\/uploads\/2026\/03\/baluarte-foto-bonita-1536x1152.jpeg 1536w, https:\/\/rtvgastro.es\/wp-content\/uploads\/2026\/03\/baluarte-foto-bonita-16x12.jpeg 16w, https:\/\/rtvgastro.es\/wp-content\/uploads\/2026\/03\/baluarte-foto-bonita.jpeg 1600w\" sizes=\"auto, (max-width: 1024px) 100vw, 1024px\" \/><figcaption class=\"wp-element-caption\">Baluarte de San Salvador<\/figcaption><\/figure>\n\n\n\n<p>\u00a0Ya\u00a0que est\u00e1is all\u00ed si vais en alg\u00fan veh\u00edculo pod\u00e9is continuar hacia las\u00a0<strong>Salinas de Sanl\u00facar<\/strong> Proasal pertenecientes al Parque Nacional de Do\u00f1ana, un espect\u00e1culo blanco que merece mucho la pena, en sus balsas podr\u00e9is observar a los flamencos y otras aves que suelen alimentarse all\u00ed. Poco despu\u00e9s os podr\u00e9is adentrar en el\u00a0<strong>Parque de Do\u00f1ana<\/strong>, no circulando por encima de los 20 km\/h. en este tramo os permiten pasar con el coche atravesando el pinar. Luego se puede volver con mucho cuidado\u00a0(es poco recomendable para veh\u00edculos que no sean altos), por una carretera poco asfaltada que atraviesa la Algaida, el campo de Sanl\u00facar con kil\u00f3metros de l\u00edneas de huerta e invernaderos. <\/p>\n\n\n\n<figure class=\"wp-block-gallery has-nested-images columns-default is-cropped wp-block-gallery-1 is-layout-flex wp-block-gallery-is-layout-flex\">\n<figure class=\"wp-block-image size-large has-custom-border\"><img loading=\"lazy\" decoding=\"async\" width=\"1600\" height=\"1200\" data-id=\"1598\" src=\"https:\/\/rtvgastro.es\/wp-content\/uploads\/2026\/03\/salinas-de-sanlucar-de-barrameda-mar.jpeg\" alt=\"mar de sal en las salinas de Sanl\u00facar de Barrameda en el Parque de Do\u00f1ana\" class=\"wp-image-1598\" style=\"border-top-left-radius:20px;border-top-right-radius:20px;border-bottom-left-radius:20px;border-bottom-right-radius:20px\"\/><figcaption class=\"wp-element-caption\">Salinas de Sanl\u00facar<\/figcaption><\/figure>\n\n\n\n<figure class=\"wp-block-image size-large has-custom-border\"><img loading=\"lazy\" decoding=\"async\" width=\"1024\" height=\"768\" data-id=\"1597\" src=\"https:\/\/rtvgastro.es\/wp-content\/uploads\/2026\/03\/flamencos-en-las-salinas-1-1024x768.jpeg\" alt=\"Flamencos en las Salinas de Sanl\u00facar de Barrameda en el Parque Nacional de Do\u00f1ana\" class=\"wp-image-1597\" style=\"border-top-left-radius:20px;border-top-right-radius:20px;border-bottom-left-radius:20px;border-bottom-right-radius:20px\" srcset=\"https:\/\/rtvgastro.es\/wp-content\/uploads\/2026\/03\/flamencos-en-las-salinas-1-1024x768.jpeg 1024w, https:\/\/rtvgastro.es\/wp-content\/uploads\/2026\/03\/flamencos-en-las-salinas-1-300x225.jpeg 300w, https:\/\/rtvgastro.es\/wp-content\/uploads\/2026\/03\/flamencos-en-las-salinas-1-768x576.jpeg 768w, https:\/\/rtvgastro.es\/wp-content\/uploads\/2026\/03\/flamencos-en-las-salinas-1-1536x1152.jpeg 1536w, https:\/\/rtvgastro.es\/wp-content\/uploads\/2026\/03\/flamencos-en-las-salinas-1-16x12.jpeg 16w, https:\/\/rtvgastro.es\/wp-content\/uploads\/2026\/03\/flamencos-en-las-salinas-1.jpeg 1600w\" sizes=\"auto, (max-width: 1024px) 100vw, 1024px\" \/><figcaption class=\"wp-element-caption\">Flamencos en las Salinas<\/figcaption><\/figure>\n\n\n\n<figure class=\"wp-block-image size-large has-custom-border\"><img loading=\"lazy\" decoding=\"async\" width=\"1600\" height=\"1200\" data-id=\"1599\" src=\"https:\/\/rtvgastro.es\/wp-content\/uploads\/2026\/03\/salinas-de-sanlucar-de-barrameda.jpeg\" alt=\"Vista de las salinas de Sanl\u00facar de Barrameda en el parque nacional de Do\u00f1ana\" class=\"wp-image-1599\" style=\"border-top-left-radius:20px;border-top-right-radius:20px;border-bottom-left-radius:20px;border-bottom-right-radius:20px\"\/><figcaption class=\"wp-element-caption\">Vista de las Salinas<\/figcaption><\/figure>\n<\/figure>\n\n\n\n<p>Volvemos hacia la zona centro y tenemos una visita obligada. Callejear hacia la\u00a0Plaza del Cabildo\u00a0entrando por la\u00a0Plaza de los Cisnes, donde hay algunas construcciones hist\u00f3ricas muy bonitas. En la calle Capillita, casi frente a la Bellotera, est\u00e1 la\u00a0<strong>Capillita del Carmen<\/strong>. Saliendo hacia la calle Ancha, tomamos a la izquierda y seguimos caminando. Cuando la calle se estrecha, continuamos hacia la <strong>Bodega Arg\u00fceso<\/strong> (desgraciadamente le queda poca vida, van a construir),\u00a0encontramos justo al lado de \u00e9sta, en la esquina la\u00a0<strong>Parroquia de Santo Domingo<\/strong>, una iglesia del siglo XVI construida a expensas de la Casa de Medina Sidonia. Seguimos caminando sin dejar ese mismo camino y llegamos a la\u00a0<strong>Iglesia de\u00a0San Francisco<\/strong>, merece la pena la visita interior con atractivos espacios con retablos impresionantes. Si al salir a la calle Ancha desde Capillita decidimos ir a la derecha, a pocos metros nos encontramos con la\u00a0<strong>Biblioteca Municipal<\/strong>\u00a0y justo detr\u00e1s de ella la\u00a0<strong>Iglesia de los Desamparados<\/strong>.\u00a0<\/p>\n\n\n\n<figure class=\"wp-block-gallery has-nested-images columns-default is-cropped wp-block-gallery-2 is-layout-flex wp-block-gallery-is-layout-flex\">\n<figure class=\"wp-block-image size-large has-custom-border\"><img loading=\"lazy\" decoding=\"async\" width=\"1600\" height=\"1200\" data-id=\"1628\" src=\"https:\/\/rtvgastro.es\/wp-content\/uploads\/2026\/03\/playa-de-las-piletas.jpeg\" alt=\"Playa de las piletas en Sanl\u00facar de Barrameda\" class=\"wp-image-1628\" style=\"border-top-left-radius:20px;border-top-right-radius:20px;border-bottom-left-radius:20px;border-bottom-right-radius:20px\"\/><figcaption class=\"wp-element-caption\">Playa de Las Piletas<\/figcaption><\/figure>\n\n\n\n<figure class=\"wp-block-image size-large has-custom-border\"><img loading=\"lazy\" decoding=\"async\" width=\"1024\" height=\"768\" data-id=\"1631\" src=\"https:\/\/rtvgastro.es\/wp-content\/uploads\/2026\/03\/reloj-de-sol-bajo-de-guia-1024x768.jpg\" alt=\"Reloj solar en Bajo Gu\u00eda en Sanl\u00facar de Barrameda\" class=\"wp-image-1631\" style=\"border-top-left-radius:20px;border-top-right-radius:20px;border-bottom-left-radius:20px;border-bottom-right-radius:20px\" srcset=\"https:\/\/rtvgastro.es\/wp-content\/uploads\/2026\/03\/reloj-de-sol-bajo-de-guia-1024x768.jpg 1024w, https:\/\/rtvgastro.es\/wp-content\/uploads\/2026\/03\/reloj-de-sol-bajo-de-guia-300x225.jpg 300w, https:\/\/rtvgastro.es\/wp-content\/uploads\/2026\/03\/reloj-de-sol-bajo-de-guia-768x576.jpg 768w, https:\/\/rtvgastro.es\/wp-content\/uploads\/2026\/03\/reloj-de-sol-bajo-de-guia-1536x1152.jpg 1536w, https:\/\/rtvgastro.es\/wp-content\/uploads\/2026\/03\/reloj-de-sol-bajo-de-guia-16x12.jpg 16w, https:\/\/rtvgastro.es\/wp-content\/uploads\/2026\/03\/reloj-de-sol-bajo-de-guia.jpg 1600w\" sizes=\"auto, (max-width: 1024px) 100vw, 1024px\" \/><figcaption class=\"wp-element-caption\">Reloj Solar Bajo Guia<\/figcaption><\/figure>\n\n\n\n<figure class=\"wp-block-image size-large has-custom-border\"><img loading=\"lazy\" decoding=\"async\" width=\"768\" height=\"1024\" data-id=\"1629\" src=\"https:\/\/rtvgastro.es\/wp-content\/uploads\/2026\/03\/retablo-de-iglesia-grande-768x1024.jpeg\" alt=\"Retablo de la Iglesia de San Francisco en Sanl\u00facar de Barrameda\" class=\"wp-image-1629\" style=\"border-top-left-radius:20px;border-top-right-radius:20px;border-bottom-left-radius:20px;border-bottom-right-radius:20px\" srcset=\"https:\/\/rtvgastro.es\/wp-content\/uploads\/2026\/03\/retablo-de-iglesia-grande-768x1024.jpeg 768w, https:\/\/rtvgastro.es\/wp-content\/uploads\/2026\/03\/retablo-de-iglesia-grande-225x300.jpeg 225w, https:\/\/rtvgastro.es\/wp-content\/uploads\/2026\/03\/retablo-de-iglesia-grande-1152x1536.jpeg 1152w, https:\/\/rtvgastro.es\/wp-content\/uploads\/2026\/03\/retablo-de-iglesia-grande-9x12.jpeg 9w, https:\/\/rtvgastro.es\/wp-content\/uploads\/2026\/03\/retablo-de-iglesia-grande.jpeg 1200w\" sizes=\"auto, (max-width: 768px) 100vw, 768px\" \/><figcaption class=\"wp-element-caption\">Iglesia de San Francisco<\/figcaption><\/figure>\n\n\n\n<figure class=\"wp-block-image size-large has-custom-border\"><img loading=\"lazy\" decoding=\"async\" width=\"768\" height=\"1024\" data-id=\"1630\" src=\"https:\/\/rtvgastro.es\/wp-content\/uploads\/2026\/03\/retablo-de-iglesia-768x1024.jpeg\" alt=\"Retablo de la iglesia de San Francisco en Sanl\u00facar de Barrameda\" class=\"wp-image-1630\" style=\"border-top-left-radius:20px;border-top-right-radius:20px;border-bottom-left-radius:20px;border-bottom-right-radius:20px\" srcset=\"https:\/\/rtvgastro.es\/wp-content\/uploads\/2026\/03\/retablo-de-iglesia-768x1024.jpeg 768w, https:\/\/rtvgastro.es\/wp-content\/uploads\/2026\/03\/retablo-de-iglesia-225x300.jpeg 225w, https:\/\/rtvgastro.es\/wp-content\/uploads\/2026\/03\/retablo-de-iglesia-1152x1536.jpeg 1152w, https:\/\/rtvgastro.es\/wp-content\/uploads\/2026\/03\/retablo-de-iglesia-9x12.jpeg 9w, https:\/\/rtvgastro.es\/wp-content\/uploads\/2026\/03\/retablo-de-iglesia.jpeg 1200w\" sizes=\"auto, (max-width: 768px) 100vw, 768px\" \/><figcaption class=\"wp-element-caption\">Iglesia de San Francisco<\/figcaption><\/figure>\n<\/figure>\n\n\n\n<p>Continuamos caminando, bien por la Trascuenta o por la calle Bretones, que nos llevan a la <strong>Cuesta de Bel\u00e9n<\/strong> y llegando al\u00a0<strong>Mercado de\u00a0Abastos<\/strong>, lleno hasta la\u00a0bandera normalmente por las ma\u00f1anas y visita muy interesante, justo al lado las mencionadas Cobachas y el CIMA. Al coronar la cuesta est\u00e1 el\u00a0<strong>Ayuntamiento<\/strong>\u00a0con unos jardines muy interesantes para visitar y poder hacer algo de\u00a0\u201csesioneo\u201d. <\/p>\n\n\n\n<figure class=\"wp-block-gallery has-nested-images columns-default is-cropped wp-block-gallery-3 is-layout-flex wp-block-gallery-is-layout-flex\">\n<figure class=\"wp-block-image size-large has-custom-border\"><img loading=\"lazy\" decoding=\"async\" width=\"1200\" height=\"1600\" data-id=\"1653\" src=\"https:\/\/rtvgastro.es\/wp-content\/uploads\/2026\/03\/vista-general-del-CIMA.jpeg\" alt=\"Vista general del CIMA en Sanl\u00facar de Barrameda\" class=\"wp-image-1653\" style=\"border-top-left-radius:20px;border-top-right-radius:20px;border-bottom-left-radius:20px;border-bottom-right-radius:20px\"\/><figcaption class=\"wp-element-caption\">Vista del CIMA<\/figcaption><\/figure>\n\n\n\n<figure class=\"wp-block-image size-large has-custom-border\"><img loading=\"lazy\" decoding=\"async\" width=\"768\" height=\"1024\" data-id=\"1652\" src=\"https:\/\/rtvgastro.es\/wp-content\/uploads\/2026\/03\/ayuntamiento-de-sanlucar-de-barrmeda.jpg\" alt=\"\" class=\"wp-image-1652\" style=\"border-top-left-radius:20px;border-top-right-radius:20px;border-bottom-left-radius:20px;border-bottom-right-radius:20px\" srcset=\"https:\/\/rtvgastro.es\/wp-content\/uploads\/2026\/03\/ayuntamiento-de-sanlucar-de-barrmeda.jpg 768w, https:\/\/rtvgastro.es\/wp-content\/uploads\/2026\/03\/ayuntamiento-de-sanlucar-de-barrmeda-225x300.jpg 225w, https:\/\/rtvgastro.es\/wp-content\/uploads\/2026\/03\/ayuntamiento-de-sanlucar-de-barrmeda-9x12.jpg 9w\" sizes=\"auto, (max-width: 768px) 100vw, 768px\" \/><figcaption class=\"wp-element-caption\">Ayuntamiento<\/figcaption><\/figure>\n\n\n\n<figure class=\"wp-block-image size-large has-custom-border\"><img loading=\"lazy\" decoding=\"async\" width=\"1600\" height=\"1200\" data-id=\"1654\" src=\"https:\/\/rtvgastro.es\/wp-content\/uploads\/2026\/03\/vista-detalle-CIMA.jpeg\" alt=\"Exposici\u00f3n del CIMA en Sanl\u00facar de Barrameda\" class=\"wp-image-1654\" style=\"border-top-left-radius:20px;border-top-right-radius:20px;border-bottom-left-radius:20px;border-bottom-right-radius:20px\"\/><figcaption class=\"wp-element-caption\">Exposici\u00f3n CIMA<\/figcaption><\/figure>\n\n\n\n<figure class=\"wp-block-image size-large has-custom-border\"><img loading=\"lazy\" decoding=\"async\" width=\"768\" height=\"1024\" data-id=\"1655\" src=\"https:\/\/rtvgastro.es\/wp-content\/uploads\/2026\/03\/cuesta-belen-768x1024.jpeg\" alt=\"\" class=\"wp-image-1655\" style=\"border-style:none;border-width:0px;border-top-left-radius:20px;border-top-right-radius:20px;border-bottom-left-radius:20px;border-bottom-right-radius:20px\" srcset=\"https:\/\/rtvgastro.es\/wp-content\/uploads\/2026\/03\/cuesta-belen-768x1024.jpeg 768w, https:\/\/rtvgastro.es\/wp-content\/uploads\/2026\/03\/cuesta-belen-225x300.jpeg 225w, https:\/\/rtvgastro.es\/wp-content\/uploads\/2026\/03\/cuesta-belen-1152x1536.jpeg 1152w, https:\/\/rtvgastro.es\/wp-content\/uploads\/2026\/03\/cuesta-belen-1536x2048.jpeg 1536w, https:\/\/rtvgastro.es\/wp-content\/uploads\/2026\/03\/cuesta-belen-9x12.jpeg 9w, https:\/\/rtvgastro.es\/wp-content\/uploads\/2026\/03\/cuesta-belen-scaled.jpeg 1920w\" sizes=\"auto, (max-width: 768px) 100vw, 768px\" \/><figcaption class=\"wp-element-caption\">Cuesta de Bel\u00e9n<\/figcaption><\/figure>\n\n\n\n<figure class=\"wp-block-image size-large has-custom-border\"><img loading=\"lazy\" decoding=\"async\" width=\"1600\" height=\"1200\" data-id=\"1650\" src=\"https:\/\/rtvgastro.es\/wp-content\/uploads\/2026\/03\/atardecer-desde-la-escultura-al-rocio.jpeg\" alt=\"Atardecer desde la cuesta de Bel\u00e9n en Sanl\u00facar de Barrameda\" class=\"wp-image-1650\" style=\"border-top-left-radius:20px;border-top-right-radius:20px;border-bottom-left-radius:20px;border-bottom-right-radius:20px\"\/><figcaption class=\"wp-element-caption\">Atardecer<\/figcaption><\/figure>\n\n\n\n<figure class=\"wp-block-image size-large has-custom-border\"><img loading=\"lazy\" decoding=\"async\" width=\"1200\" height=\"1600\" data-id=\"1651\" src=\"https:\/\/rtvgastro.es\/wp-content\/uploads\/2026\/03\/calle-sanlucar.jpg\" alt=\"Calle de Sanl\u00facar de Barrameda\" class=\"wp-image-1651\" style=\"border-top-left-radius:20px;border-top-right-radius:20px;border-bottom-left-radius:20px;border-bottom-right-radius:20px\"\/><figcaption class=\"wp-element-caption\">Calle de Sanl\u00facar<\/figcaption><\/figure>\n<\/figure>\n\n\n\n<p>Ya\u00a0estamos en el barrio alto, a izquierda y derecha desde ah\u00ed nos encontraremos con viviendas tradicionales y algunos edificios con mucho atractivo. Si vamos hacia la derecha veremos a pocos metros siguiendo el sentido del tr\u00e1fico la\u00a0<strong>Bas\u00edlica de Nuestra Se\u00f1ora de La Caridad<\/strong>, la bodega\u00a0<strong>La Guita<\/strong>\u00a0y cuando finalizas \u00e9sta, miras a la derecha y podr\u00e1s hacerte el selfie en la\u00a0<strong>Puerta de Rota<\/strong>. Bordeas entonces la bodega y por la calle Monteros. Nos encontramos en la Plaza de la Paz y si vamos por la izquierda (aqu\u00ed estuvimos en Antonio) nos estrellamos con el\u00a0<strong>Palacio de la Duquesa de Medina Sidonia<\/strong>\u00a0(la Duquesita) y la\u00a0<strong>Iglesia Mayor de Nuestra Se\u00f1ora de la O<\/strong>,\u00a0en esta hay visitas al campanario con unas vistas\u00a0espectaculares de la ciudad.\u00a0<\/p>\n\n\n\n<figure class=\"wp-block-gallery has-nested-images columns-default is-cropped wp-block-gallery-4 is-layout-flex wp-block-gallery-is-layout-flex\">\n<figure class=\"wp-block-image size-large has-custom-border\"><img loading=\"lazy\" decoding=\"async\" width=\"1024\" height=\"768\" data-id=\"1679\" src=\"https:\/\/rtvgastro.es\/wp-content\/uploads\/2026\/03\/atardecer-desde-el-hotel-guadalquivir-1024x768.jpeg\" alt=\"\" class=\"wp-image-1679\" style=\"border-top-left-radius:20px;border-top-right-radius:20px;border-bottom-left-radius:20px;border-bottom-right-radius:20px\" srcset=\"https:\/\/rtvgastro.es\/wp-content\/uploads\/2026\/03\/atardecer-desde-el-hotel-guadalquivir-1024x768.jpeg 1024w, https:\/\/rtvgastro.es\/wp-content\/uploads\/2026\/03\/atardecer-desde-el-hotel-guadalquivir-300x225.jpeg 300w, https:\/\/rtvgastro.es\/wp-content\/uploads\/2026\/03\/atardecer-desde-el-hotel-guadalquivir-768x576.jpeg 768w, https:\/\/rtvgastro.es\/wp-content\/uploads\/2026\/03\/atardecer-desde-el-hotel-guadalquivir-1536x1152.jpeg 1536w, https:\/\/rtvgastro.es\/wp-content\/uploads\/2026\/03\/atardecer-desde-el-hotel-guadalquivir-16x12.jpeg 16w, https:\/\/rtvgastro.es\/wp-content\/uploads\/2026\/03\/atardecer-desde-el-hotel-guadalquivir.jpeg 1600w\" sizes=\"auto, (max-width: 1024px) 100vw, 1024px\" \/><figcaption class=\"wp-element-caption\">Atardecer<\/figcaption><\/figure>\n\n\n\n<figure class=\"wp-block-image size-large has-custom-border\"><img loading=\"lazy\" decoding=\"async\" width=\"1200\" height=\"1600\" data-id=\"1680\" src=\"https:\/\/rtvgastro.es\/wp-content\/uploads\/2026\/03\/la-guita.jpg\" alt=\"Bodegas La Guita en Sanl\u00facar de Barrameda\" class=\"wp-image-1680\" style=\"border-top-left-radius:20px;border-top-right-radius:20px;border-bottom-left-radius:20px;border-bottom-right-radius:20px\"\/><figcaption class=\"wp-element-caption\">Bodegas La Guita<\/figcaption><\/figure>\n\n\n\n<figure class=\"wp-block-image size-large has-custom-border\"><img loading=\"lazy\" decoding=\"async\" width=\"1200\" height=\"1600\" data-id=\"1681\" src=\"https:\/\/rtvgastro.es\/wp-content\/uploads\/2026\/03\/puerta-de-rota.jpg\" alt=\"Puerta de Rota en Sanl\u00facar de Barrameda\" class=\"wp-image-1681\" style=\"border-top-left-radius:20px;border-top-right-radius:20px;border-bottom-left-radius:20px;border-bottom-right-radius:20px\"\/><figcaption class=\"wp-element-caption\">Puerta de Rota<\/figcaption><\/figure>\n\n\n\n<figure class=\"wp-block-image size-large has-custom-border\"><img loading=\"lazy\" decoding=\"async\" width=\"1200\" height=\"1600\" data-id=\"1682\" src=\"https:\/\/rtvgastro.es\/wp-content\/uploads\/2026\/03\/iglesia-mayor-desde-la-plaza-la-paz.jpeg\" alt=\"Iglesia Mayor de Nuestra Se\u00f1ora de la O parada obligada de los pasos de Semana Santa en Sanl\u00facar de Barrameda\" class=\"wp-image-1682\" style=\"border-top-left-radius:20px;border-top-right-radius:20px;border-bottom-left-radius:20px;border-bottom-right-radius:20px\"\/><figcaption class=\"wp-element-caption\">Iglesia Mayor de Nuestra Se\u00f1ora de La O<\/figcaption><\/figure>\n<\/figure>\n\n\n\n<p>Bordeamos la iglesia en direcci\u00f3n contraria al tr\u00e1fico por la calle Luis de Eguilaz y vemos a derecha e izquierda varios edificios de\u00a0<strong>Bodegas Hist\u00f3ricas<\/strong>\u00a0la mayor\u00eda de Barbadillo, hasta llegar al\u00a0<strong>Castillo de Santiago<\/strong>, muy bien conservado. Aqu\u00ed ten\u00e9is la opci\u00f3n de pasear por fuera o pagar la visita interior. Justo al lado del castillo se encuentro el\u00a0<strong>Museo de la manzanilla de Bodegas Barbadillo<\/strong>\u00a0y entre uno y otro hay una calle que te lleva de nuevo abajo; no obstante, yo os recomiendo bajar por la otra cara por la calle <strong>Cava del Castillo<\/strong>, donde nos encontraremos un monumento muy atractivo a los fusilados en Sanl\u00facar por la defensa de la Rep\u00fablica. Y all\u00ed nos encontramos un palacete lleno de encantos y unas escaleras que te llevar\u00e1n abajo tambi\u00e9n. Finalmente, y si est\u00e1is en la fecha, no os pod\u00e9is perder las famosas\u00a0<strong>Carreras de Caballos<\/strong>\u00a0en la playa, o las\u00a0<strong>Procesiones\u00a0de Semana Santa<\/strong>, independientemente de las creencias ver bajar o subir los pasos por la Cuesta de Bel\u00e9n es impresionante. Ya os lo podr\u00e9is imaginar los que la sub\u00e1is andando. Sanl\u00facar tiene tambi\u00e9n su feria la <strong>Feria de la Manzanilla<\/strong> que suele celebrarse entre mayo y junio en la zona de La Calzada en pleno centro de la ciudad.<\/p>\n\n\n\n<figure class=\"wp-block-gallery has-nested-images columns-default is-cropped wp-block-gallery-5 is-layout-flex wp-block-gallery-is-layout-flex\">\n<figure class=\"wp-block-image size-large has-custom-border\"><img loading=\"lazy\" decoding=\"async\" width=\"1024\" height=\"768\" data-id=\"1701\" src=\"https:\/\/rtvgastro.es\/wp-content\/uploads\/2026\/03\/atardecer-desde-bajo-de-guia-1024x768.jpeg\" alt=\"atardecer desde Bajo Gu\u00eda en Sanl\u00facar de Barrameda\" class=\"wp-image-1701\" style=\"border-top-left-radius:20px;border-top-right-radius:20px;border-bottom-left-radius:20px;border-bottom-right-radius:20px\" srcset=\"https:\/\/rtvgastro.es\/wp-content\/uploads\/2026\/03\/atardecer-desde-bajo-de-guia-1024x768.jpeg 1024w, https:\/\/rtvgastro.es\/wp-content\/uploads\/2026\/03\/atardecer-desde-bajo-de-guia-300x225.jpeg 300w, https:\/\/rtvgastro.es\/wp-content\/uploads\/2026\/03\/atardecer-desde-bajo-de-guia-768x576.jpeg 768w, https:\/\/rtvgastro.es\/wp-content\/uploads\/2026\/03\/atardecer-desde-bajo-de-guia-1536x1152.jpeg 1536w, https:\/\/rtvgastro.es\/wp-content\/uploads\/2026\/03\/atardecer-desde-bajo-de-guia-16x12.jpeg 16w, https:\/\/rtvgastro.es\/wp-content\/uploads\/2026\/03\/atardecer-desde-bajo-de-guia.jpeg 1600w\" sizes=\"auto, (max-width: 1024px) 100vw, 1024px\" \/><figcaption class=\"wp-element-caption\">Atardecer en Bajo Gu\u00eda<\/figcaption><\/figure>\n\n\n\n<figure class=\"wp-block-image size-large has-custom-border\"><img loading=\"lazy\" decoding=\"async\" width=\"1024\" height=\"785\" data-id=\"1702\" src=\"https:\/\/rtvgastro.es\/wp-content\/uploads\/2026\/03\/barco-del-arroz-mastil-caido-1024x785.jpeg\" alt=\"Barco del arroz imagen del barco hundido que se encuentra en la desembocadura del Guadalquivir en Sanl\u00facar de Barrameda \" class=\"wp-image-1702\" style=\"border-top-left-radius:20px;border-top-right-radius:20px;border-bottom-left-radius:20px;border-bottom-right-radius:20px\" srcset=\"https:\/\/rtvgastro.es\/wp-content\/uploads\/2026\/03\/barco-del-arroz-mastil-caido-1024x785.jpeg 1024w, https:\/\/rtvgastro.es\/wp-content\/uploads\/2026\/03\/barco-del-arroz-mastil-caido-300x230.jpeg 300w, https:\/\/rtvgastro.es\/wp-content\/uploads\/2026\/03\/barco-del-arroz-mastil-caido-768x588.jpeg 768w, https:\/\/rtvgastro.es\/wp-content\/uploads\/2026\/03\/barco-del-arroz-mastil-caido-1536x1177.jpeg 1536w, https:\/\/rtvgastro.es\/wp-content\/uploads\/2026\/03\/barco-del-arroz-mastil-caido-16x12.jpeg 16w, https:\/\/rtvgastro.es\/wp-content\/uploads\/2026\/03\/barco-del-arroz-mastil-caido.jpeg 1600w\" sizes=\"auto, (max-width: 1024px) 100vw, 1024px\" \/><figcaption class=\"wp-element-caption\">Barco del Arroz<\/figcaption><\/figure>\n\n\n\n<figure class=\"wp-block-image size-large has-custom-border\"><img loading=\"lazy\" decoding=\"async\" width=\"1600\" height=\"1200\" data-id=\"1703\" src=\"https:\/\/rtvgastro.es\/wp-content\/uploads\/2026\/03\/castillo-de-Santiago-lateral.jpeg\" alt=\"Castillo de Santiago en Sanl\u00facar de Barrameda\" class=\"wp-image-1703\" style=\"border-top-left-radius:20px;border-top-right-radius:20px;border-bottom-left-radius:20px;border-bottom-right-radius:20px\"\/><figcaption class=\"wp-element-caption\">Vista Castillo Santiago<\/figcaption><\/figure>\n\n\n\n<figure class=\"wp-block-image size-large has-custom-border\"><img loading=\"lazy\" decoding=\"async\" width=\"768\" height=\"1024\" data-id=\"1708\" src=\"https:\/\/rtvgastro.es\/wp-content\/uploads\/2026\/03\/castillo-de-santiago-trasera-768x1024.jpeg\" alt=\"Detalle de una de las torres del Castillo de Santiago en Sanl\u00facar de Barrameda\" class=\"wp-image-1708\" style=\"border-top-left-radius:20px;border-top-right-radius:20px;border-bottom-left-radius:20px;border-bottom-right-radius:20px\" srcset=\"https:\/\/rtvgastro.es\/wp-content\/uploads\/2026\/03\/castillo-de-santiago-trasera-768x1024.jpeg 768w, https:\/\/rtvgastro.es\/wp-content\/uploads\/2026\/03\/castillo-de-santiago-trasera-225x300.jpeg 225w, https:\/\/rtvgastro.es\/wp-content\/uploads\/2026\/03\/castillo-de-santiago-trasera-1152x1536.jpeg 1152w, https:\/\/rtvgastro.es\/wp-content\/uploads\/2026\/03\/castillo-de-santiago-trasera-9x12.jpeg 9w, https:\/\/rtvgastro.es\/wp-content\/uploads\/2026\/03\/castillo-de-santiago-trasera.jpeg 1200w\" sizes=\"auto, (max-width: 768px) 100vw, 768px\" \/><figcaption class=\"wp-element-caption\">Torre del Castillo<\/figcaption><\/figure>\n\n\n\n<figure class=\"wp-block-image size-large has-custom-border\"><img loading=\"lazy\" decoding=\"async\" width=\"768\" height=\"1024\" data-id=\"1706\" src=\"https:\/\/rtvgastro.es\/wp-content\/uploads\/2026\/03\/feria-de-la-manzanilla-2022-768x1024.jpeg\" alt=\"Imagen general de la Feria de la Manzanilla en Sanl\u00facar de Barrameda\" class=\"wp-image-1706\" style=\"border-top-left-radius:20px;border-top-right-radius:20px;border-bottom-left-radius:20px;border-bottom-right-radius:20px\" srcset=\"https:\/\/rtvgastro.es\/wp-content\/uploads\/2026\/03\/feria-de-la-manzanilla-2022-768x1024.jpeg 768w, https:\/\/rtvgastro.es\/wp-content\/uploads\/2026\/03\/feria-de-la-manzanilla-2022-225x300.jpeg 225w, https:\/\/rtvgastro.es\/wp-content\/uploads\/2026\/03\/feria-de-la-manzanilla-2022-1152x1536.jpeg 1152w, https:\/\/rtvgastro.es\/wp-content\/uploads\/2026\/03\/feria-de-la-manzanilla-2022-9x12.jpeg 9w, https:\/\/rtvgastro.es\/wp-content\/uploads\/2026\/03\/feria-de-la-manzanilla-2022.jpeg 1536w\" sizes=\"auto, (max-width: 768px) 100vw, 768px\" \/><figcaption class=\"wp-element-caption\">Feria de la Manzanilla<\/figcaption><\/figure>\n\n\n\n<figure class=\"wp-block-image size-large has-custom-border\"><img loading=\"lazy\" decoding=\"async\" width=\"768\" height=\"1024\" data-id=\"1704\" src=\"https:\/\/rtvgastro.es\/wp-content\/uploads\/2026\/03\/iluminacion-navidad-puerta-jerez-768x1024.jpeg\" alt=\"Puerta de Jerez en Sanl\u00facar de Barrameda\" class=\"wp-image-1704\" style=\"border-top-left-radius:20px;border-top-right-radius:20px;border-bottom-left-radius:20px;border-bottom-right-radius:20px\" srcset=\"https:\/\/rtvgastro.es\/wp-content\/uploads\/2026\/03\/iluminacion-navidad-puerta-jerez-768x1024.jpeg 768w, https:\/\/rtvgastro.es\/wp-content\/uploads\/2026\/03\/iluminacion-navidad-puerta-jerez-225x300.jpeg 225w, https:\/\/rtvgastro.es\/wp-content\/uploads\/2026\/03\/iluminacion-navidad-puerta-jerez-1152x1536.jpeg 1152w, https:\/\/rtvgastro.es\/wp-content\/uploads\/2026\/03\/iluminacion-navidad-puerta-jerez-9x12.jpeg 9w, https:\/\/rtvgastro.es\/wp-content\/uploads\/2026\/03\/iluminacion-navidad-puerta-jerez.jpeg 1200w\" sizes=\"auto, (max-width: 768px) 100vw, 768px\" \/><figcaption class=\"wp-element-caption\">Puerta de Jerez<\/figcaption><\/figure>\n\n\n\n<figure class=\"wp-block-image size-large has-custom-border\"><img loading=\"lazy\" decoding=\"async\" width=\"1024\" height=\"768\" data-id=\"1707\" src=\"https:\/\/rtvgastro.es\/wp-content\/uploads\/2026\/03\/paso-de-semana-santa-1024x768.jpeg\" alt=\"Paso de la Semana Santa de Sanl\u00facar de Barrameda\" class=\"wp-image-1707\" style=\"border-top-left-radius:20px;border-top-right-radius:20px;border-bottom-left-radius:20px;border-bottom-right-radius:20px\" srcset=\"https:\/\/rtvgastro.es\/wp-content\/uploads\/2026\/03\/paso-de-semana-santa-1024x768.jpeg 1024w, https:\/\/rtvgastro.es\/wp-content\/uploads\/2026\/03\/paso-de-semana-santa-300x225.jpeg 300w, https:\/\/rtvgastro.es\/wp-content\/uploads\/2026\/03\/paso-de-semana-santa-768x576.jpeg 768w, https:\/\/rtvgastro.es\/wp-content\/uploads\/2026\/03\/paso-de-semana-santa-1536x1152.jpeg 1536w, https:\/\/rtvgastro.es\/wp-content\/uploads\/2026\/03\/paso-de-semana-santa-16x12.jpeg 16w, https:\/\/rtvgastro.es\/wp-content\/uploads\/2026\/03\/paso-de-semana-santa.jpeg 1600w\" sizes=\"auto, (max-width: 1024px) 100vw, 1024px\" \/><figcaption class=\"wp-element-caption\">Paso de Semana Santa<\/figcaption><\/figure>\n\n\n\n<figure class=\"wp-block-image size-large has-custom-border\"><img loading=\"lazy\" decoding=\"async\" width=\"906\" height=\"1024\" data-id=\"1709\" src=\"https:\/\/rtvgastro.es\/wp-content\/uploads\/2026\/03\/portal-de-la-feria-de-la-manzanilla-906x1024.jpeg\" alt=\"Portal de la Feria de la Manzanilla de Sanl\u00facar de Barrameda\" class=\"wp-image-1709\" style=\"border-top-left-radius:20px;border-top-right-radius:20px;border-bottom-left-radius:20px;border-bottom-right-radius:20px\" srcset=\"https:\/\/rtvgastro.es\/wp-content\/uploads\/2026\/03\/portal-de-la-feria-de-la-manzanilla-906x1024.jpeg 906w, https:\/\/rtvgastro.es\/wp-content\/uploads\/2026\/03\/portal-de-la-feria-de-la-manzanilla-265x300.jpeg 265w, https:\/\/rtvgastro.es\/wp-content\/uploads\/2026\/03\/portal-de-la-feria-de-la-manzanilla-768x868.jpeg 768w, https:\/\/rtvgastro.es\/wp-content\/uploads\/2026\/03\/portal-de-la-feria-de-la-manzanilla-11x12.jpeg 11w, https:\/\/rtvgastro.es\/wp-content\/uploads\/2026\/03\/portal-de-la-feria-de-la-manzanilla.jpeg 1200w\" sizes=\"auto, (max-width: 906px) 100vw, 906px\" \/><figcaption class=\"wp-element-caption\">Portal de la Feria<\/figcaption><\/figure>\n\n\n\n<figure class=\"wp-block-image size-large has-custom-border\"><img loading=\"lazy\" decoding=\"async\" width=\"1024\" height=\"768\" data-id=\"1710\" src=\"https:\/\/rtvgastro.es\/wp-content\/uploads\/2026\/03\/pozo-amarguillo-1024x768.jpeg\" alt=\"Calle Pozo Amarguillo la via principal del Barrio Alto que comunica con la Algaida\" class=\"wp-image-1710\" style=\"border-top-left-radius:20px;border-top-right-radius:20px;border-bottom-left-radius:20px;border-bottom-right-radius:20px\" srcset=\"https:\/\/rtvgastro.es\/wp-content\/uploads\/2026\/03\/pozo-amarguillo-1024x768.jpeg 1024w, https:\/\/rtvgastro.es\/wp-content\/uploads\/2026\/03\/pozo-amarguillo-300x225.jpeg 300w, https:\/\/rtvgastro.es\/wp-content\/uploads\/2026\/03\/pozo-amarguillo-768x576.jpeg 768w, https:\/\/rtvgastro.es\/wp-content\/uploads\/2026\/03\/pozo-amarguillo-1536x1152.jpeg 1536w, https:\/\/rtvgastro.es\/wp-content\/uploads\/2026\/03\/pozo-amarguillo-2048x1536.jpeg 2048w, https:\/\/rtvgastro.es\/wp-content\/uploads\/2026\/03\/pozo-amarguillo-16x12.jpeg 16w\" sizes=\"auto, (max-width: 1024px) 100vw, 1024px\" \/><figcaption class=\"wp-element-caption\">Pozo Amarguillo<\/figcaption><\/figure>\n<\/figure>\n\n\n\n<h4 class=\"wp-block-heading\"><strong>VISITAR ALGUNA BODEGA<\/strong><\/h4>\n\n\n\n<p>Estando en la tierra de la Manzanilla y de los vinos generosos hay que visitar una bodega o varias y descubrir el\u00a0\u201c<strong><em>Milagro Andaluz<\/em><\/strong>\u201d. Hay muchas que tienen visitas y en casi todas estas son total y absolutamente tur\u00edsticas, hechas, por lo general, por gu\u00edas tur\u00edsticos cuyo conocimiento es mucho m\u00e1s hist\u00f3rico que t\u00e9cnico, pero as\u00ed y todo nos encontramos con algunas personas muy apasionadas que nos contar\u00e1n las cosas muy bien. Todo depende de lo que busqu\u00e9is y que tipo de viajeros se\u00e1is. Casi frente al hotel Guadalquivir est\u00e1\u00a0<strong>Hidalgo La Gitana<\/strong>, es una bodega gigante con visitas diarias y bastante interesante, se puede hacer con ni\u00f1@s, aunque es muy probable que se aburran. Tambi\u00e9n por el centro tenemos\u00a0<strong>La Cigarrera<\/strong>\u00a0(ya conocemos su taberna) y\u00a0<strong>Bodegas Portales P\u00e9rez<\/strong>, la m\u00e1s peque\u00f1a de todas, visita con cita previa, pero merece la pena, es la visita m\u00e1s t\u00e9cnica con diferencia de todas, la visita m\u00e1s privada y con una cata de vinos que si se acerca el propietario ser\u00e1 mucho m\u00e1s interesante. Adem\u00e1s, saliendo hacia Chipiona junto al hospital nos encontramos con la bodega de\u00a0<strong>Delgado Zuleta<\/strong>, y junto al castillo de Santiago la de\u00a0<strong>Barbadillo<\/strong>, para m\u00ed la m\u00e1s tur\u00edstica, concurrida y aburrida, pero merece la pena ver sus enormes bodegas llenas de botas. Estos son solo algunos ejemplos de las muchas que hay. En Bonanza tenemos <strong>Bodegas del Rio<\/strong> que cit\u00e1bamos antes, han cambiado mucho en los \u00faltimos a\u00f1os, evolucionando y mejorando sus instalaciones y servicios, pasaron de ser una bodega almacenista a comercializar sus propios vinos. Tienen una gran manzanilla.<\/p>\n\n\n\n<figure class=\"wp-block-gallery has-nested-images columns-default is-cropped wp-block-gallery-6 is-layout-flex wp-block-gallery-is-layout-flex\">\n<figure class=\"wp-block-image size-large has-custom-border\"><img loading=\"lazy\" decoding=\"async\" width=\"768\" height=\"1024\" data-id=\"1755\" src=\"https:\/\/rtvgastro.es\/wp-content\/uploads\/2026\/03\/bodegas-del-rio.jpg\" alt=\"Bodegas del Rio en Sanl\u00facar de Barrameda\" class=\"wp-image-1755\" style=\"border-top-left-radius:20px;border-top-right-radius:20px;border-bottom-left-radius:20px;border-bottom-right-radius:20px\" srcset=\"https:\/\/rtvgastro.es\/wp-content\/uploads\/2026\/03\/bodegas-del-rio.jpg 768w, https:\/\/rtvgastro.es\/wp-content\/uploads\/2026\/03\/bodegas-del-rio-225x300.jpg 225w, https:\/\/rtvgastro.es\/wp-content\/uploads\/2026\/03\/bodegas-del-rio-9x12.jpg 9w\" sizes=\"auto, (max-width: 768px) 100vw, 768px\" \/><figcaption class=\"wp-element-caption\">Bodegas del Rio<\/figcaption><\/figure>\n\n\n\n<figure class=\"wp-block-image size-large has-custom-border\"><img loading=\"lazy\" decoding=\"async\" width=\"1600\" height=\"1200\" data-id=\"1756\" src=\"https:\/\/rtvgastro.es\/wp-content\/uploads\/2026\/03\/manzanilla-velo-flor.jpg\" alt=\"Bota de manzanilla con el velo de flor en Sanl\u00facar de Barrameda\" class=\"wp-image-1756\" style=\"border-top-left-radius:20px;border-top-right-radius:20px;border-bottom-left-radius:20px;border-bottom-right-radius:20px\"\/><figcaption class=\"wp-element-caption\">Velo Flor de Manzanilla<\/figcaption><\/figure>\n\n\n\n<figure class=\"wp-block-image size-large has-custom-border\"><img loading=\"lazy\" decoding=\"async\" width=\"1600\" height=\"1200\" data-id=\"1757\" src=\"https:\/\/rtvgastro.es\/wp-content\/uploads\/2026\/03\/la-gitana.jpg\" alt=\"Bodegas Hidalgo La Gitana en Sanl\u00facar de Barrameda\" class=\"wp-image-1757\" style=\"border-top-left-radius:20px;border-top-right-radius:20px;border-bottom-left-radius:20px;border-bottom-right-radius:20px\"\/><figcaption class=\"wp-element-caption\">Hidalgo La Gitana<\/figcaption><\/figure>\n<\/figure>\n\n\n\n<p>En definitiva, Sanl\u00facar es un sitio donde encontrarse bien, un destino lleno de magia y del que es muy f\u00e1cil enamorarse. Conozco varios casos de personas que llevan visit\u00e1ndola 20 o 30 a\u00f1os, algunos que se compraron casa y pasan largas temporadas y otros como yo que pasamos de visitarla 5 o 6 veces al a\u00f1o a elegirla como lugar de vida y residencia. Pasar unos d\u00edas en Sanl\u00facar es desconectar, cambiar el ritmo y vivir de otra manera, pero para ello hay que conocerla, hay que vivirla como la viven sus gentes, si no, ser\u00e1s un turista m\u00e1s y seguro que no la descubrir\u00e1s en su esencia.<\/p>\n\n\n\n<h3 class=\"wp-block-heading\"><strong>HOTELES<\/strong><\/h3>\n\n\n\n<ul class=\"wp-block-list\">\n<li class=\"has-medium-font-size\"><strong>Los Helechos ***<\/strong> Sin duda nuestra recomendaci\u00f3n, por el trato familiar, la ubicaci\u00f3n y la relaci\u00f3n calidad precio. Plaza de la Madre de Dios (Centro)<\/li>\n\n\n\n<li><strong>Albariza Boutique Hotel ****<\/strong> Uno de los mas nuevos y atractivos de la ciudad. Calle Bolsa (Centro)<\/li>\n\n\n\n<li><strong>Macia Do\u00f1ana ****<\/strong> \u00a0Calle Orfe\u00f3n Santa Cecilia (Bajo de Gu\u00eda)<\/li>\n\n\n\n<li><strong>Hotel Guadalquivir ****<\/strong> Calzada Duquesa Isabel (Centro \u2013 Feria de la Manzanilla)<\/li>\n\n\n\n<li><strong>Eurostars Palacio Marqu\u00e9s de Ariz\u00f3n ****<\/strong> Av. Quinto Centenario (Centro)<\/li>\n\n\n\n<li><strong>Posada de Palacio ***<\/strong> Calle Caballeros (Barrio Alto \u2013 Frente al Ayuntamiento)<\/li>\n\n\n\n<li><strong>Hotel Barrameda **<\/strong> Calle Ancha (Centro \u2013 Junto a Barbiana)<\/li>\n\n\n\n<li><strong>La Alcoba del Agua Boutique **<\/strong> Calle Alcoba (Centro)<\/li>\n\n\n\n<li><strong>La Casa de la Especias *<\/strong> Calle Regina (Centro)<\/li>\n\n\n\n<li><strong>La Posada de Mechu<\/strong> Avenida de la Marina (Periferia)<\/li>\n\n\n\n<li><strong>Apartamento con piscina Sanl\u00facar Golf <\/strong>(Club de Campo de Sanl\u00facar a las afueras)<\/li>\n<\/ul>\n\n\n\n<blockquote class=\"wp-block-quote is-layout-flow wp-block-quote-is-layout-flow\">\n<p class=\"has-small-font-size\"><strong><em><sup>1<\/sup><\/em><\/strong><em> MANZANILLA FINA: Es la mas joven de la bodega, tiene un periodo m\u00ednimo de crianza biol\u00f3gica bajo velo de flor de 2 a\u00f1os. La mayor parte de ellas tienen un envejecimiento mayor 3-4 a\u00f1os.<\/em><\/p>\n<\/blockquote>\n\n\n\n<blockquote class=\"wp-block-quote has-small-font-size is-layout-flow wp-block-quote-is-layout-flow\">\n<p><strong><em><sup>2<\/sup><\/em><\/strong><em> MANZANILLA PASADA: Sometida a periodos muy largos de crianza biol\u00f3gica bajo velo de flor, podemos encontrarnos en esta categor\u00eda con vinos que han envejecido 8-9 a\u00f1os.<\/em><\/p>\n<\/blockquote>\n\n\n\n<blockquote class=\"wp-block-quote is-layout-flow wp-block-quote-is-layout-flow\">\n<p class=\"has-small-font-size\"><strong><em><sup>3<\/sup><\/em><\/strong><em> MANZANILLA EN RAMA: Embotellada directamente de la bota de envejecimiento sin hacerle nada o pr\u00e1cticamente sin filtrado alguno.<\/em><\/p>\n<\/blockquote>\n\n\n\n<div class=\"wp-block-group alignfull is-style-ext-preset--group--natural-1--section has-background-background-color has-background has-global-padding is-layout-constrained wp-container-core-group-is-layout-e955bbaf wp-block-group-is-layout-constrained is-style-ext-preset--group--natural-1--section--7\" style=\"margin-top:0;margin-bottom:0;padding-top:var(--wp--preset--spacing--70);padding-bottom:var(--wp--preset--spacing--70)\">\n<div class=\"wp-block-query alignwide is-layout-flow wp-block-query-is-layout-flow\"><ul class=\"columns-3 wp-block-post-template is-layout-grid wp-container-core-post-template-is-layout-10753265 wp-block-post-template-is-layout-grid\"><li class=\"wp-block-post post-4252 post type-post status-publish format-standard has-post-thumbnail hentry category-labodegadeserxusolares tag-adega tag-alentejo tag-portugal\">\n\n<div class=\"wp-block-group is-style-ext-preset--group--natural-1--item-card-1--align-start has-global-padding is-layout-constrained wp-block-group-is-layout-constrained is-style-ext-preset--group--natural-1--item-card-1--align-start--8\"><figure style=\"aspect-ratio:4\/3;\" class=\"wp-block-post-featured-image\"><img loading=\"lazy\" decoding=\"async\" width=\"1200\" height=\"1600\" src=\"https:\/\/rtvgastro.es\/wp-content\/uploads\/2026\/04\/Adega-Borba-Premium-2022-Alentejo.jpeg\" class=\"attachment-post-thumbnail size-post-thumbnail wp-post-image\" alt=\"Adega Borba Premium 2022 DOC Alentejo Portugal\" style=\"width:100%;height:100%;object-fit:cover;\" srcset=\"https:\/\/rtvgastro.es\/wp-content\/uploads\/2026\/04\/Adega-Borba-Premium-2022-Alentejo.jpeg 1200w, https:\/\/rtvgastro.es\/wp-content\/uploads\/2026\/04\/Adega-Borba-Premium-2022-Alentejo-225x300.jpeg 225w, https:\/\/rtvgastro.es\/wp-content\/uploads\/2026\/04\/Adega-Borba-Premium-2022-Alentejo-768x1024.jpeg 768w, https:\/\/rtvgastro.es\/wp-content\/uploads\/2026\/04\/Adega-Borba-Premium-2022-Alentejo-1152x1536.jpeg 1152w, https:\/\/rtvgastro.es\/wp-content\/uploads\/2026\/04\/Adega-Borba-Premium-2022-Alentejo-9x12.jpeg 9w\" sizes=\"auto, (max-width: 1200px) 100vw, 1200px\" \/><\/figure>\n\n\n<div class=\"wp-block-group is-style-default has-global-padding is-layout-constrained wp-container-core-group-is-layout-e0082cf6 wp-block-group-is-layout-constrained\"><div style=\"font-size:14px;font-style:normal;font-weight:600\" class=\"taxonomy-category wp-block-post-terms\"><a href=\"https:\/\/rtvgastro.es\/en\/category\/labodegadeserxusolares\/\" rel=\"tag\">La Bodega de Serxu Solares<\/a><\/div>\n\n<h2 style=\"font-size:clamp(15.747px, 0.984rem + ((1vw - 3.2px) * 0.86), 24px); margin-top:8px;margin-bottom:var(--wp--preset--spacing--20);\" class=\"wp-block-post-title\"><a href=\"https:\/\/rtvgastro.es\/en\/adega-de-borba-premium-2022\/\" target=\"_self\" >Adega de Borba Premium 2022<\/a><\/h2>\n\n<div style=\"margin-top:var(--wp--preset--spacing--20);margin-bottom:var(--wp--preset--spacing--20);\" class=\"wp-block-post-excerpt has-small-font-size\"><p class=\"wp-block-post-excerpt__excerpt\">A finales del 2025 me dej\u00e9 caer por tierras portuguesas para descubrir la regi\u00f3n del&hellip; <\/p><\/div><\/div>\n<\/div>\n\n<\/li><li class=\"wp-block-post post-4224 post type-post status-publish format-standard has-post-thumbnail hentry category-noticias category-vinos tag-malaga tag-museo tag-vino\">\n\n<div class=\"wp-block-group is-style-ext-preset--group--natural-1--item-card-1--align-start has-global-padding is-layout-constrained wp-block-group-is-layout-constrained is-style-ext-preset--group--natural-1--item-card-1--align-start--9\"><figure style=\"aspect-ratio:4\/3;\" class=\"wp-block-post-featured-image\"><img loading=\"lazy\" decoding=\"async\" width=\"526\" height=\"454\" src=\"https:\/\/rtvgastro.es\/wp-content\/uploads\/2026\/04\/Recepcion-donacion.jpg\" class=\"attachment-post-thumbnail size-post-thumbnail wp-post-image\" alt=\"Malaga Ke, donado por Stefan Alveno Persili, m\u00e9dico y coleccionista suizo, constituye un valioso testimonio del comercio internacional de vinos entre finales del siglo XIX y principios del siglo XX\" style=\"width:100%;height:100%;object-fit:cover;\" srcset=\"https:\/\/rtvgastro.es\/wp-content\/uploads\/2026\/04\/Recepcion-donacion.jpg 526w, https:\/\/rtvgastro.es\/wp-content\/uploads\/2026\/04\/Recepcion-donacion-300x259.jpg 300w, https:\/\/rtvgastro.es\/wp-content\/uploads\/2026\/04\/Recepcion-donacion-14x12.jpg 14w\" sizes=\"auto, (max-width: 526px) 100vw, 526px\" \/><\/figure>\n\n\n<div class=\"wp-block-group is-style-default has-global-padding is-layout-constrained wp-container-core-group-is-layout-e0082cf6 wp-block-group-is-layout-constrained\"><div style=\"font-size:14px;font-style:normal;font-weight:600\" class=\"taxonomy-category wp-block-post-terms\"><a href=\"https:\/\/rtvgastro.es\/en\/category\/noticias\/\" rel=\"tag\">Noticias<\/a><span class=\"wp-block-post-terms__separator\">, <\/span><a href=\"https:\/\/rtvgastro.es\/en\/category\/vinos\/\" rel=\"tag\">Vinos<\/a><\/div>\n\n<h2 style=\"font-size:clamp(15.747px, 0.984rem + ((1vw - 3.2px) * 0.86), 24px); margin-top:8px;margin-bottom:var(--wp--preset--spacing--20);\" class=\"wp-block-post-title\"><a href=\"https:\/\/rtvgastro.es\/en\/el-museo-del-vino-malaga-incorpora-una-importante-donacion-documental\/\" target=\"_self\" >El Museo del Vino M\u00e1laga incorpora una importante donaci\u00f3n documental<\/a><\/h2>\n\n<div style=\"margin-top:var(--wp--preset--spacing--20);margin-bottom:var(--wp--preset--spacing--20);\" class=\"wp-block-post-excerpt has-small-font-size\"><p class=\"wp-block-post-excerpt__excerpt\">Redacci\u00f3n Este conjunto documental, donado por Stefan Alveno Persili, m\u00e9dico y coleccionista suizo, constituye un&hellip; <\/p><\/div><\/div>\n<\/div>\n\n<\/li><li class=\"wp-block-post post-4135 post type-post status-publish format-standard has-post-thumbnail hentry category-labodegadeserxusolares tag-aove tag-cata tag-jaen\">\n\n<div class=\"wp-block-group is-style-ext-preset--group--natural-1--item-card-1--align-start has-global-padding is-layout-constrained wp-block-group-is-layout-constrained is-style-ext-preset--group--natural-1--item-card-1--align-start--10\"><figure style=\"aspect-ratio:4\/3;\" class=\"wp-block-post-featured-image\"><img loading=\"lazy\" decoding=\"async\" width=\"1200\" height=\"1600\" src=\"https:\/\/rtvgastro.es\/wp-content\/uploads\/2026\/04\/WhatsApp-Image-2026-04-16-at-19.24.08.jpeg\" class=\"attachment-post-thumbnail size-post-thumbnail wp-post-image\" alt=\"AOVE Hacienda El Palo elaborado en Jaen uno de los mejores aceites del mundo\" style=\"width:100%;height:100%;object-fit:cover;\" \/><\/figure>\n\n\n<div class=\"wp-block-group is-style-default has-global-padding is-layout-constrained wp-container-core-group-is-layout-e0082cf6 wp-block-group-is-layout-constrained\"><div style=\"font-size:14px;font-style:normal;font-weight:600\" class=\"taxonomy-category wp-block-post-terms\"><a href=\"https:\/\/rtvgastro.es\/en\/category\/labodegadeserxusolares\/\" rel=\"tag\">La Bodega de Serxu Solares<\/a><\/div>\n\n<h2 style=\"font-size:clamp(15.747px, 0.984rem + ((1vw - 3.2px) * 0.86), 24px); margin-top:8px;margin-bottom:var(--wp--preset--spacing--20);\" class=\"wp-block-post-title\"><a href=\"https:\/\/rtvgastro.es\/en\/aove-hacienda-el-palo\/\" target=\"_self\" >AOVE Hacienda El Palo<\/a><\/h2>\n\n<div style=\"margin-top:var(--wp--preset--spacing--20);margin-bottom:var(--wp--preset--spacing--20);\" class=\"wp-block-post-excerpt has-small-font-size\"><p class=\"wp-block-post-excerpt__excerpt\">Serxu Solares @serxusolares La almazara Hacienda El Palo, situada en el coraz\u00f3n de la provincia&hellip; <\/p><\/div><\/div>\n<\/div>\n\n<\/li><\/ul><\/div>\n\n\n\n<div class=\"wp-block-buttons alignwide is-content-justification-center is-layout-flex wp-container-core-buttons-is-layout-a89b3969 wp-block-buttons-is-layout-flex\">\n<div class=\"wp-block-button is-style-ext-preset--button--natural-1--button-1 is-style-ext-preset--button--natural-1--button-1--11\"><a class=\"wp-block-button__link wp-element-button\" href=\"#extendify-blog\">Ver todo<\/a><\/div>\n<\/div>\n<\/div>\n\n\n<figure class=\"wp-block-post-featured-image\"><img loading=\"lazy\" decoding=\"async\" width=\"1600\" height=\"902\" src=\"https:\/\/rtvgastro.es\/wp-content\/uploads\/2026\/03\/carreras-de-caballos.jpeg\" class=\"attachment-post-thumbnail size-post-thumbnail wp-post-image\" alt=\"Carreras de caballos de Sanl\u00facar de Barrameda\" style=\"object-fit:cover;\" srcset=\"https:\/\/rtvgastro.es\/wp-content\/uploads\/2026\/03\/carreras-de-caballos.jpeg 1600w, https:\/\/rtvgastro.es\/wp-content\/uploads\/2026\/03\/carreras-de-caballos-300x169.jpeg 300w, https:\/\/rtvgastro.es\/wp-content\/uploads\/2026\/03\/carreras-de-caballos-1024x577.jpeg 1024w, https:\/\/rtvgastro.es\/wp-content\/uploads\/2026\/03\/carreras-de-caballos-768x433.jpeg 768w, https:\/\/rtvgastro.es\/wp-content\/uploads\/2026\/03\/carreras-de-caballos-1536x866.jpeg 1536w, https:\/\/rtvgastro.es\/wp-content\/uploads\/2026\/03\/carreras-de-caballos-18x10.jpeg 18w\" sizes=\"auto, (max-width: 1600px) 100vw, 1600px\" \/><\/figure>","protected":false},"excerpt":{"rendered":"<p>En Sanl\u00facar se acaba el mundo, o empieza; de aqu\u00ed parti\u00f3 la primera vuelta al mundo&nbsp;en 1519, se celebraron entre 2019 y 2022 los 500 a\u00f1os, de la expedici\u00f3n. Territorio ligado al agua y a la tierra en el que son famosos sus vinos, especialmente la Manzanilla, las papas (patatas de Navazo) y los langostinos.&nbsp;Pero [&hellip;]<\/p>\n","protected":false},"author":1,"featured_media":1382,"comment_status":"open","ping_status":"open","sticky":false,"template":"","format":"standard","meta":{"_monsterinsights_skip_tracking":false,"_monsterinsights_sitenote_active":false,"_monsterinsights_sitenote_note":"","_monsterinsights_sitenote_category":0,"_uf_show_specific_survey":0,"_uf_disable_surveys":false,"footnotes":""},"categories":[14],"tags":[67,68,66],"class_list":["post-1374","post","type-post","status-publish","format-standard","has-post-thumbnail","hentry","category-viajes","tag-cadiz","tag-manzanilla","tag-sanlucar-de-barrameda"],"aioseo_notices":[],"_links":{"self":[{"href":"https:\/\/rtvgastro.es\/en\/wp-json\/wp\/v2\/posts\/1374","targetHints":{"allow":["GET"]}}],"collection":[{"href":"https:\/\/rtvgastro.es\/en\/wp-json\/wp\/v2\/posts"}],"about":[{"href":"https:\/\/rtvgastro.es\/en\/wp-json\/wp\/v2\/types\/post"}],"author":[{"embeddable":true,"href":"https:\/\/rtvgastro.es\/en\/wp-json\/wp\/v2\/users\/1"}],"replies":[{"embeddable":true,"href":"https:\/\/rtvgastro.es\/en\/wp-json\/wp\/v2\/comments?post=1374"}],"version-history":[{"count":356,"href":"https:\/\/rtvgastro.es\/en\/wp-json\/wp\/v2\/posts\/1374\/revisions"}],"predecessor-version":[{"id":1788,"href":"https:\/\/rtvgastro.es\/en\/wp-json\/wp\/v2\/posts\/1374\/revisions\/1788"}],"wp:featuredmedia":[{"embeddable":true,"href":"https:\/\/rtvgastro.es\/en\/wp-json\/wp\/v2\/media\/1382"}],"wp:attachment":[{"href":"https:\/\/rtvgastro.es\/en\/wp-json\/wp\/v2\/media?parent=1374"}],"wp:term":[{"taxonomy":"category","embeddable":true,"href":"https:\/\/rtvgastro.es\/en\/wp-json\/wp\/v2\/categories?post=1374"},{"taxonomy":"post_tag","embeddable":true,"href":"https:\/\/rtvgastro.es\/en\/wp-json\/wp\/v2\/tags?post=1374"}],"curies":[{"name":"wp","href":"https:\/\/api.w.org\/{rel}","templated":true}]}}